{"id":8422,"date":"2025-10-31T16:29:52","date_gmt":"2025-10-31T21:29:52","guid":{"rendered":"https:\/\/microsol-int.com\/?p=8422"},"modified":"2025-11-03T09:07:08","modified_gmt":"2025-11-03T14:07:08","slug":"microsol-comparte-aprendizajes-sobre-el-programa-tuki-wasi-en-la-antesala-de-la-cop30","status":"publish","type":"post","link":"https:\/\/microsol-int.com\/fr\/microsol-comparte-aprendizajes-sobre-el-programa-tuki-wasi-en-la-antesala-de-la-cop30\/","title":{"rendered":"Microsol comparte aprendizajes sobre el Programa Tuki Wasi en la antesala de la COP30"},"content":{"rendered":"<div data-elementor-type=\"wp-post\" data-elementor-id=\"8422\" class=\"elementor elementor-8422\" data-elementor-post-type=\"post\">\n\t\t\t\t\t\t<section class=\"elementor-section elementor-top-section elementor-element elementor-element-6f71e93 elementor-section-boxed elementor-section-height-default elementor-section-height-default\" data-id=\"6f71e93\" data-element_type=\"section\" data-settings=\"{&quot;jet_parallax_layout_list&quot;:[],&quot;ekit_has_onepagescroll_dot&quot;:&quot;yes&quot;}\">\n\t\t\t\t\t\t<div class=\"elementor-container elementor-column-gap-default\">\n\t\t\t\t\t<div class=\"elementor-column elementor-col-100 elementor-top-column elementor-element elementor-element-2ca8331\" data-id=\"2ca8331\" data-element_type=\"column\">\n\t\t\t<div class=\"elementor-column-wrap--2ca8331 elementor-widget-wrap elementor-element-populated\">\n\t\t\t\t\t\t<div class=\"elementor-element elementor-element-4fdb373 elementor-widget elementor-widget-text-editor\" data-id=\"4fdb373\" data-element_type=\"widget\" data-settings=\"{&quot;ekit_we_effect_on&quot;:&quot;none&quot;}\" data-widget_type=\"text-editor.default\">\n\t\t\t\t<div class=\"elementor-widget-container\">\n\t\t\t\t\t\t\t\t\t<p><i><span data-contrast=\"auto\">La gerente general de Microsol particip\u00f3 como speaker en evento sobre los avances nacionales respecto del Art\u00edculo 6 del Acuerdo de Par\u00eds de cara hacia la COP30 en Belem<\/span><\/i><span data-ccp-props=\"{&quot;134233117&quot;:false,&quot;134233118&quot;:false,&quot;201341983&quot;:0,&quot;335551550&quot;:6,&quot;335551620&quot;:6,&quot;335559685&quot;:0,&quot;335559737&quot;:0,&quot;335559738&quot;:0,&quot;335559739&quot;:160,&quot;335559740&quot;:279}\">.<\/span><\/p>\t\t\t\t\t\t\t\t<\/div>\n\t\t\t\t<\/div>\n\t\t\t\t\t<\/div>\n\t\t<\/div>\n\t\t\t\t\t<\/div>\n\t\t<\/section>\n\t\t\t\t<section class=\"elementor-section elementor-top-section elementor-element elementor-element-ac6e9aa elementor-section-boxed elementor-section-height-default elementor-section-height-default\" data-id=\"ac6e9aa\" data-element_type=\"section\" data-settings=\"{&quot;jet_parallax_layout_list&quot;:[],&quot;ekit_has_onepagescroll_dot&quot;:&quot;yes&quot;}\">\n\t\t\t\t\t\t<div class=\"elementor-container elementor-column-gap-default\">\n\t\t\t\t\t<div class=\"elementor-column elementor-col-100 elementor-top-column elementor-element elementor-element-ceb5b13\" data-id=\"ceb5b13\" data-element_type=\"column\">\n\t\t\t<div class=\"elementor-column-wrap--ceb5b13 elementor-widget-wrap elementor-element-populated\">\n\t\t\t\t\t\t<div class=\"elementor-element elementor-element-3621c66 elementor-widget elementor-widget-text-editor\" data-id=\"3621c66\" data-element_type=\"widget\" data-settings=\"{&quot;ekit_we_effect_on&quot;:&quot;none&quot;}\" data-widget_type=\"text-editor.default\">\n\t\t\t\t<div class=\"elementor-widget-container\">\n\t\t\t\t\t\t\t\t\t<p class=\"translation-block\"><span class=\"TextRun SCXW73087729 BCX2\" lang=\"ES-ES\" xml:lang=\"ES-ES\" data-contrast=\"auto\"><span class=\"NormalTextRun SCXW73087729 BCX2\">El jueves 30 de octubre de 2025, el equipo de <\/span><span class=\"NormalTextRun SpellingErrorV2Themed SCXW73087729 BCX2\">Microsol<\/span><span class=\"NormalTextRun SCXW73087729 BCX2\">, <\/span><span class=\"NormalTextRun SCXW73087729 BCX2\">representado<\/span><span class=\"NormalTextRun SCXW73087729 BCX2\"> por su gerente general <\/span><span class=\"NormalTextRun SpellingErrorV2Themed SCXW73087729 BCX2\">Yanna<\/span> <span class=\"NormalTextRun SpellingErrorV2Themed SCXW73087729 BCX2\">Gruel<\/span><span class=\"NormalTextRun SCXW73087729 BCX2\">,<\/span> <span class=\"NormalTextRun SCXW73087729 BCX2\">particip\u00f3 en el evento <\/span><\/span><span class=\"TextRun SCXW73087729 BCX2\" lang=\"ES-ES\" xml:lang=\"ES-ES\" data-contrast=\"auto\"><span class=\"NormalTextRun SCXW73087729 BCX2\">\u201cArt\u00edculo 6 en el Per\u00fa: logros y oportunidades rumbo a la COP30\u201d<\/span><\/span><span class=\"TextRun SCXW73087729 BCX2\" lang=\"ES-ES\" xml:lang=\"ES-ES\" data-contrast=\"auto\"><span class=\"NormalTextRun SCXW73087729 BCX2\">, organizado por el Ministerio del Ambiente del Per\u00fa (MINAM) y la cooperaci\u00f3n alemana GIZ<\/span><span class=\"NormalTextRun SCXW73087729 BCX2\">, en el marco del cierre del proyecto <\/span><\/span><span class=\"TextRun SCXW73087729 BCX2\" lang=\"ES-ES\" xml:lang=\"ES-ES\" data-contrast=\"auto\"><span class=\"NormalTextRun SCXW73087729 BCX2\">NDC <\/span><span class=\"NormalTextRun SpellingErrorV2Themed SCXW73087729 BCX2\">Assist<\/span><span class=\"NormalTextRun SCXW73087729 BCX2\"> II: <\/span><span class=\"NormalTextRun SpellingErrorV2Themed SCXW73087729 BCX2\">Article<\/span><span class=\"NormalTextRun SCXW73087729 BCX2\"> 6 <\/span><span class=\"NormalTextRun SpellingErrorV2Themed SCXW73087729 BCX2\">Capacity<\/span> <span class=\"NormalTextRun SpellingErrorV2Themed SCXW73087729 BCX2\">Building<\/span><\/span><span class=\"TextRun SCXW73087729 BCX2\" lang=\"ES-ES\" xml:lang=\"ES-ES\" data-contrast=\"auto\"><span class=\"NormalTextRun SCXW73087729 BCX2\">, de GIZ<\/span><span class=\"NormalTextRun SCXW73087729 BCX2\">. E<\/span><span class=\"NormalTextRun SCXW73087729 BCX2\">l<\/span><span class=\"NormalTextRun SCXW73087729 BCX2\"> encuentro<\/span><span class=\"NormalTextRun SCXW73087729 BCX2\"> cont\u00f3 <\/span><span class=\"NormalTextRun SCXW73087729 BCX2\">con la presencia de <\/span><span class=\"NormalTextRun SCXW73087729 BCX2\">representantes de<\/span><span class=\"NormalTextRun SCXW73087729 BCX2\">l <\/span><span class=\"NormalTextRun SpellingErrorV2Themed SCXW73087729 BCX2\">Minesterio<\/span><span class=\"NormalTextRun SCXW73087729 BCX2\"> de Energ\u00eda y Minas<\/span><span class=\"NormalTextRun SCXW73087729 BCX2\"> (MINEM)<\/span><span class=\"NormalTextRun SCXW73087729 BCX2\">, Ministerio de Desarrollo Agrario y Riego, <\/span><span class=\"NormalTextRun SpellingErrorV2Themed SCXW73087729 BCX2\">Sernanp<\/span><span class=\"NormalTextRun SCXW73087729 BCX2\">, <\/span><\/span><span class=\"TextRun SCXW73087729 BCX2\" lang=\"ES-ES\" xml:lang=\"ES-ES\" data-contrast=\"auto\"><span class=\"NormalTextRun SCXW73087729 BCX2\">Fundaci\u00f3n para la Protecci\u00f3n del Clima y Compensaci\u00f3n de Carbono <\/span><\/span><span class=\"TextRun SCXW73087729 BCX2\" lang=\"ES-ES\" xml:lang=\"ES-ES\" data-contrast=\"auto\"><span class=\"NormalTextRun SpellingErrorV2Themed SCXW73087729 BCX2\">Klik<\/span><span class=\"NormalTextRun SCXW73087729 BCX2\"> y GIZ, y con la participaci\u00f3n virtual de <\/span><span class=\"NormalTextRun SpellingErrorV2Themed SCXW73087729 BCX2\">Perspective<\/span> <span class=\"NormalTextRun SpellingErrorV2Themed SCXW73087729 BCX2\">Climate<\/span> <span class=\"NormalTextRun SpellingErrorV2Themed SCXW73087729 BCX2\">Group<\/span><span class=\"NormalTextRun SCXW73087729 BCX2\"> y <\/span><span class=\"NormalTextRun SCXW73087729 BCX2\">el Centro de Colaboraci\u00f3n Regional para Am\u00e9rica Latina CMNUCC.<\/span><\/span><\/p>\t\t\t\t\t\t\t\t<\/div>\n\t\t\t\t<\/div>\n\t\t\t\t\t<\/div>\n\t\t<\/div>\n\t\t\t\t\t<\/div>\n\t\t<\/section>\n\t\t\t\t<section class=\"elementor-section elementor-top-section elementor-element elementor-element-4c945d2 elementor-section-boxed elementor-section-height-default elementor-section-height-default\" data-id=\"4c945d2\" data-element_type=\"section\" data-settings=\"{&quot;jet_parallax_layout_list&quot;:[],&quot;ekit_has_onepagescroll_dot&quot;:&quot;yes&quot;}\">\n\t\t\t\t\t\t<div class=\"elementor-container elementor-column-gap-default\">\n\t\t\t\t\t<div class=\"elementor-column elementor-col-100 elementor-top-column elementor-element elementor-element-550dbf9\" data-id=\"550dbf9\" data-element_type=\"column\">\n\t\t\t<div class=\"elementor-column-wrap--550dbf9 elementor-widget-wrap elementor-element-populated\">\n\t\t\t\t\t\t<div class=\"elementor-element elementor-element-bef1fa7 elementor-widget elementor-widget-image\" data-id=\"bef1fa7\" data-element_type=\"widget\" data-settings=\"{&quot;ekit_we_effect_on&quot;:&quot;none&quot;}\" data-widget_type=\"image.default\">\n\t\t\t\t<div class=\"elementor-widget-container\">\n\t\t\t\t\t\t\t\t\t\t\t\t\t\t\t<img fetchpriority=\"high\" decoding=\"async\" width=\"1024\" height=\"682\" src=\"https:\/\/cloudmicrosol.com\/wp-content\/uploads\/2025\/10\/DSC_6589-1024x682.jpg\" class=\"attachment-large size-large wp-image-8426\" alt=\"\" srcset=\"https:\/\/cloudmicrosol.com\/wp-content\/uploads\/2025\/10\/DSC_6589-1024x682.jpg 1024w, https:\/\/cloudmicrosol.com\/wp-content\/uploads\/2025\/10\/DSC_6589-300x200.jpg 300w, https:\/\/cloudmicrosol.com\/wp-content\/uploads\/2025\/10\/DSC_6589-768x512.jpg 768w, https:\/\/cloudmicrosol.com\/wp-content\/uploads\/2025\/10\/DSC_6589-1536x1023.jpg 1536w, https:\/\/cloudmicrosol.com\/wp-content\/uploads\/2025\/10\/DSC_6589-18x12.jpg 18w, https:\/\/cloudmicrosol.com\/wp-content\/uploads\/2025\/10\/DSC_6589.jpg 1804w\" sizes=\"(max-width: 1024px) 100vw, 1024px\" \/>\t\t\t\t\t\t\t\t\t\t\t\t\t\t\t<\/div>\n\t\t\t\t<\/div>\n\t\t\t\t\t<\/div>\n\t\t<\/div>\n\t\t\t\t\t<\/div>\n\t\t<\/section>\n\t\t\t\t<section class=\"elementor-section elementor-top-section elementor-element elementor-element-aa95b3a elementor-section-boxed elementor-section-height-default elementor-section-height-default\" data-id=\"aa95b3a\" data-element_type=\"section\" data-settings=\"{&quot;jet_parallax_layout_list&quot;:[],&quot;ekit_has_onepagescroll_dot&quot;:&quot;yes&quot;}\">\n\t\t\t\t\t\t<div class=\"elementor-container elementor-column-gap-default\">\n\t\t\t\t\t<div class=\"elementor-column elementor-col-100 elementor-top-column elementor-element elementor-element-500172b\" data-id=\"500172b\" data-element_type=\"column\">\n\t\t\t<div class=\"elementor-column-wrap--500172b elementor-widget-wrap elementor-element-populated\">\n\t\t\t\t\t\t<div class=\"elementor-element elementor-element-7736c70 elementor-widget elementor-widget-spacer\" data-id=\"7736c70\" data-element_type=\"widget\" data-settings=\"{&quot;ekit_we_effect_on&quot;:&quot;none&quot;}\" data-widget_type=\"spacer.default\">\n\t\t\t\t<div class=\"elementor-widget-container\">\n\t\t\t\t\t\t\t<div class=\"elementor-spacer\">\n\t\t\t<div class=\"elementor-spacer-inner\"><\/div>\n\t\t<\/div>\n\t\t\t\t\t\t<\/div>\n\t\t\t\t<\/div>\n\t\t\t\t\t<\/div>\n\t\t<\/div>\n\t\t\t\t\t<\/div>\n\t\t<\/section>\n\t\t\t\t<section class=\"elementor-section elementor-top-section elementor-element elementor-element-c433f1a elementor-section-boxed elementor-section-height-default elementor-section-height-default\" data-id=\"c433f1a\" data-element_type=\"section\" data-settings=\"{&quot;jet_parallax_layout_list&quot;:[],&quot;ekit_has_onepagescroll_dot&quot;:&quot;yes&quot;}\">\n\t\t\t\t\t\t<div class=\"elementor-container elementor-column-gap-default\">\n\t\t\t\t\t<div class=\"elementor-column elementor-col-100 elementor-top-column elementor-element elementor-element-2440932\" data-id=\"2440932\" data-element_type=\"column\">\n\t\t\t<div class=\"elementor-column-wrap--2440932 elementor-widget-wrap elementor-element-populated\">\n\t\t\t\t\t\t<div class=\"elementor-element elementor-element-b331c79 elementor-widget elementor-widget-text-editor\" data-id=\"b331c79\" data-element_type=\"widget\" data-settings=\"{&quot;ekit_we_effect_on&quot;:&quot;none&quot;}\" data-widget_type=\"text-editor.default\">\n\t\t\t\t<div class=\"elementor-widget-container\">\n\t\t\t\t\t\t\t\t\t<p><span data-contrast=\"auto\">El principal objetivo de este evento fue presentar los avances de Per\u00fa en la implementaci\u00f3n del mercado de carbono bajo los enfoques cooperativos del Art\u00edculo 6 del Acuerdo de Par\u00eds, un proceso liderado por el MINAM. Este espacio se desarroll\u00f3 en la antesala de la COP30, por lo cual se resalt\u00f3 su car\u00e1cter estrat\u00e9gico como plataforma de preparaci\u00f3n y proyecci\u00f3n internacional de la acci\u00f3n clim\u00e1tica en el pa\u00eds.<\/span><span data-ccp-props=\"{&quot;134233117&quot;:false,&quot;134233118&quot;:false,&quot;335551550&quot;:6,&quot;335551620&quot;:6,&quot;335559738&quot;:0,&quot;335559739&quot;:240}\">\u00a0<\/span><\/p>\t\t\t\t\t\t\t\t<\/div>\n\t\t\t\t<\/div>\n\t\t\t\t\t<\/div>\n\t\t<\/div>\n\t\t\t\t\t<\/div>\n\t\t<\/section>\n\t\t\t\t<section class=\"elementor-section elementor-top-section elementor-element elementor-element-006b0d5 elementor-section-boxed elementor-section-height-default elementor-section-height-default\" data-id=\"006b0d5\" data-element_type=\"section\" data-settings=\"{&quot;jet_parallax_layout_list&quot;:[],&quot;ekit_has_onepagescroll_dot&quot;:&quot;yes&quot;}\">\n\t\t\t\t\t\t<div class=\"elementor-container elementor-column-gap-default\">\n\t\t\t\t\t<div class=\"elementor-column elementor-col-100 elementor-top-column elementor-element elementor-element-c27bb23\" data-id=\"c27bb23\" data-element_type=\"column\">\n\t\t\t<div class=\"elementor-column-wrap--c27bb23 elementor-widget-wrap elementor-element-populated\">\n\t\t\t\t\t\t<div class=\"elementor-element elementor-element-594b5d0 elementor-widget elementor-widget-text-editor\" data-id=\"594b5d0\" data-element_type=\"widget\" data-settings=\"{&quot;ekit_we_effect_on&quot;:&quot;none&quot;}\" data-widget_type=\"text-editor.default\">\n\t\t\t\t<div class=\"elementor-widget-container\">\n\t\t\t\t\t\t\t\t\t<p><span data-contrast=\"auto\">La jornada inici\u00f3 destacando que en la reciente COP29 se lograron avances sustantivos en la operacionalizaci\u00f3n de mecanismos de mercado para reducir emisiones y en la movilizaci\u00f3n del financiamiento clim\u00e1tico. Seguidamente, se abord\u00f3 el estado actual de la acci\u00f3n clim\u00e1tica en Latinoam\u00e9rica y en el Per\u00fa, priorizando los principales avances normativos en la regi\u00f3n, las propuestas para la tercera ronda de Contribuciones Determinadas a Nivel Nacional (NDC 3.0) y el impulso del mercado de carbono como instrumento de cooperaci\u00f3n internacional bajo el Art\u00edculo 6.<\/span><span data-ccp-props=\"{&quot;134233117&quot;:false,&quot;134233118&quot;:false,&quot;335551550&quot;:6,&quot;335551620&quot;:6,&quot;335559738&quot;:240,&quot;335559739&quot;:240}\">\u00a0<\/span><\/p>\t\t\t\t\t\t\t\t<\/div>\n\t\t\t\t<\/div>\n\t\t\t\t\t<\/div>\n\t\t<\/div>\n\t\t\t\t\t<\/div>\n\t\t<\/section>\n\t\t\t\t<section class=\"elementor-section elementor-top-section elementor-element elementor-element-1265a6a elementor-section-boxed elementor-section-height-default elementor-section-height-default\" data-id=\"1265a6a\" data-element_type=\"section\" data-settings=\"{&quot;jet_parallax_layout_list&quot;:[],&quot;ekit_has_onepagescroll_dot&quot;:&quot;yes&quot;}\">\n\t\t\t\t\t\t<div class=\"elementor-container elementor-column-gap-default\">\n\t\t\t\t\t<div class=\"elementor-column elementor-col-100 elementor-top-column elementor-element elementor-element-37d00a7\" data-id=\"37d00a7\" data-element_type=\"column\">\n\t\t\t<div class=\"elementor-column-wrap--37d00a7 elementor-widget-wrap elementor-element-populated\">\n\t\t\t\t\t\t<div class=\"elementor-element elementor-element-e886d64 elementor-widget elementor-widget-image\" data-id=\"e886d64\" data-element_type=\"widget\" data-settings=\"{&quot;ekit_we_effect_on&quot;:&quot;none&quot;}\" data-widget_type=\"image.default\">\n\t\t\t\t<div class=\"elementor-widget-container\">\n\t\t\t\t\t\t\t\t\t\t\t\t\t\t\t<img decoding=\"async\" width=\"1024\" height=\"682\" src=\"https:\/\/cloudmicrosol.com\/wp-content\/uploads\/2025\/10\/DSC_6583-1024x682.jpg\" class=\"attachment-large size-large wp-image-8425\" alt=\"\" srcset=\"https:\/\/cloudmicrosol.com\/wp-content\/uploads\/2025\/10\/DSC_6583-1024x682.jpg 1024w, https:\/\/cloudmicrosol.com\/wp-content\/uploads\/2025\/10\/DSC_6583-300x200.jpg 300w, https:\/\/cloudmicrosol.com\/wp-content\/uploads\/2025\/10\/DSC_6583-768x512.jpg 768w, https:\/\/cloudmicrosol.com\/wp-content\/uploads\/2025\/10\/DSC_6583-1536x1024.jpg 1536w, https:\/\/cloudmicrosol.com\/wp-content\/uploads\/2025\/10\/DSC_6583-18x12.jpg 18w, https:\/\/cloudmicrosol.com\/wp-content\/uploads\/2025\/10\/DSC_6583.jpg 1760w\" sizes=\"(max-width: 1024px) 100vw, 1024px\" \/>\t\t\t\t\t\t\t\t\t\t\t\t\t\t\t<\/div>\n\t\t\t\t<\/div>\n\t\t\t\t\t<\/div>\n\t\t<\/div>\n\t\t\t\t\t<\/div>\n\t\t<\/section>\n\t\t\t\t<section class=\"elementor-section elementor-top-section elementor-element elementor-element-5a82ac6 elementor-section-boxed elementor-section-height-default elementor-section-height-default\" data-id=\"5a82ac6\" data-element_type=\"section\" data-settings=\"{&quot;jet_parallax_layout_list&quot;:[],&quot;ekit_has_onepagescroll_dot&quot;:&quot;yes&quot;}\">\n\t\t\t\t\t\t<div class=\"elementor-container elementor-column-gap-default\">\n\t\t\t\t\t<div class=\"elementor-column elementor-col-100 elementor-top-column elementor-element elementor-element-1c3b3cb\" data-id=\"1c3b3cb\" data-element_type=\"column\">\n\t\t\t<div class=\"elementor-column-wrap--1c3b3cb elementor-widget-wrap elementor-element-populated\">\n\t\t\t\t\t\t<div class=\"elementor-element elementor-element-376a4b1 elementor-widget elementor-widget-spacer\" data-id=\"376a4b1\" data-element_type=\"widget\" data-settings=\"{&quot;ekit_we_effect_on&quot;:&quot;none&quot;}\" data-widget_type=\"spacer.default\">\n\t\t\t\t<div class=\"elementor-widget-container\">\n\t\t\t\t\t\t\t<div class=\"elementor-spacer\">\n\t\t\t<div class=\"elementor-spacer-inner\"><\/div>\n\t\t<\/div>\n\t\t\t\t\t\t<\/div>\n\t\t\t\t<\/div>\n\t\t\t\t\t<\/div>\n\t\t<\/div>\n\t\t\t\t\t<\/div>\n\t\t<\/section>\n\t\t\t\t<section class=\"elementor-section elementor-top-section elementor-element elementor-element-4f75356 elementor-section-boxed elementor-section-height-default elementor-section-height-default\" data-id=\"4f75356\" data-element_type=\"section\" data-settings=\"{&quot;jet_parallax_layout_list&quot;:[],&quot;ekit_has_onepagescroll_dot&quot;:&quot;yes&quot;}\">\n\t\t\t\t\t\t<div class=\"elementor-container elementor-column-gap-default\">\n\t\t\t\t\t<div class=\"elementor-column elementor-col-100 elementor-top-column elementor-element elementor-element-da8f6a4\" data-id=\"da8f6a4\" data-element_type=\"column\">\n\t\t\t<div class=\"elementor-column-wrap--da8f6a4 elementor-widget-wrap elementor-element-populated\">\n\t\t\t\t\t\t<div class=\"elementor-element elementor-element-8d231d7 elementor-widget elementor-widget-text-editor\" data-id=\"8d231d7\" data-element_type=\"widget\" data-settings=\"{&quot;ekit_we_effect_on&quot;:&quot;none&quot;}\" data-widget_type=\"text-editor.default\">\n\t\t\t\t<div class=\"elementor-widget-container\">\n\t\t\t\t\t\t\t\t\t<p><span data-contrast=\"auto\">En ese contexto, se destac\u00f3 la ambici\u00f3n clim\u00e1tica de Per\u00fa, el que actualmente cuenta con 66 medidas de mitigaci\u00f3n distribuidas en 5 sectores de emisi\u00f3n, y de 84 medidas de adaptaci\u00f3n distribuidas en 5 \u00e1reas tem\u00e1ticas, adem\u00e1s de la publicaci\u00f3n del Registro Nacional de <\/span><span data-contrast=\"auto\">Medidas de Mitigaci\u00f3n (RENAMI), lo que posiciona al pa\u00eds como uno de los pioneros en la regi\u00f3n. Adem\u00e1s, se mencion\u00f3 que el pa\u00eds actualiz\u00f3 sus NDC hasta el a\u00f1o 2035, estimando un potencial de reducci\u00f3n de 70,54 millones tCO\u2082 eq, y que para el a\u00f1o 2050 se proyecta alcanzar la neutralidad de emisiones.<\/span><span data-ccp-props=\"{&quot;134233117&quot;:false,&quot;134233118&quot;:false,&quot;335551550&quot;:6,&quot;335551620&quot;:6,&quot;335559738&quot;:240,&quot;335559739&quot;:240}\">\u00a0<\/span><\/p>\t\t\t\t\t\t\t\t<\/div>\n\t\t\t\t<\/div>\n\t\t\t\t\t<\/div>\n\t\t<\/div>\n\t\t\t\t\t<\/div>\n\t\t<\/section>\n\t\t\t\t<section class=\"elementor-section elementor-top-section elementor-element elementor-element-bba0f41 elementor-section-boxed elementor-section-height-default elementor-section-height-default\" data-id=\"bba0f41\" data-element_type=\"section\" data-settings=\"{&quot;jet_parallax_layout_list&quot;:[],&quot;ekit_has_onepagescroll_dot&quot;:&quot;yes&quot;}\">\n\t\t\t\t\t\t<div class=\"elementor-container elementor-column-gap-default\">\n\t\t\t\t\t<div class=\"elementor-column elementor-col-100 elementor-top-column elementor-element elementor-element-1050c06\" data-id=\"1050c06\" data-element_type=\"column\">\n\t\t\t<div class=\"elementor-column-wrap--1050c06 elementor-widget-wrap elementor-element-populated\">\n\t\t\t\t\t\t<div class=\"elementor-element elementor-element-b8de087 elementor-widget elementor-widget-image\" data-id=\"b8de087\" data-element_type=\"widget\" data-settings=\"{&quot;ekit_we_effect_on&quot;:&quot;none&quot;}\" data-widget_type=\"image.default\">\n\t\t\t\t<div class=\"elementor-widget-container\">\n\t\t\t\t\t\t\t\t\t\t\t\t\t\t\t<img decoding=\"async\" width=\"1024\" height=\"683\" src=\"https:\/\/cloudmicrosol.com\/wp-content\/uploads\/2025\/10\/DSC_6615-1024x683.jpg\" class=\"attachment-large size-large wp-image-8429\" alt=\"\" srcset=\"https:\/\/cloudmicrosol.com\/wp-content\/uploads\/2025\/10\/DSC_6615-1024x683.jpg 1024w, https:\/\/cloudmicrosol.com\/wp-content\/uploads\/2025\/10\/DSC_6615-300x200.jpg 300w, https:\/\/cloudmicrosol.com\/wp-content\/uploads\/2025\/10\/DSC_6615-768x512.jpg 768w, https:\/\/cloudmicrosol.com\/wp-content\/uploads\/2025\/10\/DSC_6615-1536x1024.jpg 1536w, https:\/\/cloudmicrosol.com\/wp-content\/uploads\/2025\/10\/DSC_6615-2048x1365.jpg 2048w, https:\/\/cloudmicrosol.com\/wp-content\/uploads\/2025\/10\/DSC_6615-18x12.jpg 18w\" sizes=\"(max-width: 1024px) 100vw, 1024px\" \/>\t\t\t\t\t\t\t\t\t\t\t\t\t\t\t<\/div>\n\t\t\t\t<\/div>\n\t\t\t\t\t<\/div>\n\t\t<\/div>\n\t\t\t\t\t<\/div>\n\t\t<\/section>\n\t\t\t\t<section class=\"elementor-section elementor-top-section elementor-element elementor-element-edaa4b5 elementor-section-boxed elementor-section-height-default elementor-section-height-default\" data-id=\"edaa4b5\" data-element_type=\"section\" data-settings=\"{&quot;jet_parallax_layout_list&quot;:[],&quot;ekit_has_onepagescroll_dot&quot;:&quot;yes&quot;}\">\n\t\t\t\t\t\t<div class=\"elementor-container elementor-column-gap-default\">\n\t\t\t\t\t<div class=\"elementor-column elementor-col-100 elementor-top-column elementor-element elementor-element-3cf905c\" data-id=\"3cf905c\" data-element_type=\"column\">\n\t\t\t<div class=\"elementor-column-wrap--3cf905c elementor-widget-wrap elementor-element-populated\">\n\t\t\t\t\t\t<div class=\"elementor-element elementor-element-9ff4281 elementor-widget elementor-widget-spacer\" data-id=\"9ff4281\" data-element_type=\"widget\" data-settings=\"{&quot;ekit_we_effect_on&quot;:&quot;none&quot;}\" data-widget_type=\"spacer.default\">\n\t\t\t\t<div class=\"elementor-widget-container\">\n\t\t\t\t\t\t\t<div class=\"elementor-spacer\">\n\t\t\t<div class=\"elementor-spacer-inner\"><\/div>\n\t\t<\/div>\n\t\t\t\t\t\t<\/div>\n\t\t\t\t<\/div>\n\t\t\t\t\t<\/div>\n\t\t<\/div>\n\t\t\t\t\t<\/div>\n\t\t<\/section>\n\t\t\t\t<section class=\"elementor-section elementor-top-section elementor-element elementor-element-71c3d01 elementor-section-boxed elementor-section-height-default elementor-section-height-default\" data-id=\"71c3d01\" data-element_type=\"section\" data-settings=\"{&quot;jet_parallax_layout_list&quot;:[],&quot;ekit_has_onepagescroll_dot&quot;:&quot;yes&quot;}\">\n\t\t\t\t\t\t<div class=\"elementor-container elementor-column-gap-default\">\n\t\t\t\t\t<div class=\"elementor-column elementor-col-100 elementor-top-column elementor-element elementor-element-10ee707\" data-id=\"10ee707\" data-element_type=\"column\">\n\t\t\t<div class=\"elementor-column-wrap--10ee707 elementor-widget-wrap elementor-element-populated\">\n\t\t\t\t\t\t<div class=\"elementor-element elementor-element-4b5f9fb elementor-widget elementor-widget-text-editor\" data-id=\"4b5f9fb\" data-element_type=\"widget\" data-settings=\"{&quot;ekit_we_effect_on&quot;:&quot;none&quot;}\" data-widget_type=\"text-editor.default\">\n\t\t\t\t<div class=\"elementor-widget-container\">\n\t\t\t\t\t\t\t\t\t<p><span data-contrast=\"auto\">Yanna Gruel, gerente general de Microsol, particip\u00f3 como ponente en el panel \u201cLogros y aprendizajes bajo el Acuerdo bilateral Suiza-Per\u00fa\u201d, junto a Jos\u00e9 Meza Segura, director general de Eficiencia Energ\u00e9tica del MINEM, J\u00fcrg Gr\u00fctter, experto en cambio clim\u00e1tico y transporte y CEO de Gr\u00fctter Consulting, y Andrea Thurner, directora de adquisici\u00f3n de carbono de la Fundaci\u00f3n para la Protecci\u00f3n del Clima y Compensaci\u00f3n de Carbono KliK. En este panel, Yanna Gruel comparti\u00f3 la experiencia del Programa Tuki Wasi, identificando los principales aprendizajes y los pasos clave que permitieron avanzar hacia el potencial registro del <\/span><span data-contrast=\"auto\">ahora programa<\/span><span data-contrast=\"auto\"> en el RENAMI. Parte de su intervenci\u00f3n se centr\u00f3 en mencionar los aspectos clave de la implementaci\u00f3n del Programa Tuki Wasi que podr\u00edan potenciar iniciativas de otros desarrolladores interesados en articular sus proyectos con comunidades locales. Yanna enfatiz\u00f3 la importancia de contar con una l\u00ednea base robusta, establecer acuerdos claros con las comunidades locales, y disponer de mecanismos de monitoreo, reporte y verificaci\u00f3n (MRV) adecuados, para asegurar la integridad social y ambiental del proyecto.<\/span><span data-ccp-props=\"{&quot;134233117&quot;:false,&quot;134233118&quot;:false,&quot;201341983&quot;:0,&quot;335551550&quot;:6,&quot;335551620&quot;:6,&quot;335559685&quot;:0,&quot;335559737&quot;:0,&quot;335559738&quot;:240,&quot;335559739&quot;:240,&quot;335559740&quot;:279}\">\u00a0<\/span><\/p>\t\t\t\t\t\t\t\t<\/div>\n\t\t\t\t<\/div>\n\t\t\t\t\t<\/div>\n\t\t<\/div>\n\t\t\t\t\t<\/div>\n\t\t<\/section>\n\t\t\t\t<section class=\"elementor-section elementor-top-section elementor-element elementor-element-3c69294 elementor-section-boxed elementor-section-height-default elementor-section-height-default\" data-id=\"3c69294\" data-element_type=\"section\" data-settings=\"{&quot;jet_parallax_layout_list&quot;:[],&quot;ekit_has_onepagescroll_dot&quot;:&quot;yes&quot;}\">\n\t\t\t\t\t\t<div class=\"elementor-container elementor-column-gap-default\">\n\t\t\t\t\t<div class=\"elementor-column elementor-col-100 elementor-top-column elementor-element elementor-element-394adb6\" data-id=\"394adb6\" data-element_type=\"column\">\n\t\t\t<div class=\"elementor-column-wrap--394adb6 elementor-widget-wrap elementor-element-populated\">\n\t\t\t\t\t\t<div class=\"elementor-element elementor-element-a4f6abc elementor-widget elementor-widget-image\" data-id=\"a4f6abc\" data-element_type=\"widget\" data-settings=\"{&quot;ekit_we_effect_on&quot;:&quot;none&quot;}\" data-widget_type=\"image.default\">\n\t\t\t\t<div class=\"elementor-widget-container\">\n\t\t\t\t\t\t\t\t\t\t\t\t\t\t\t<img loading=\"lazy\" decoding=\"async\" width=\"1024\" height=\"683\" src=\"https:\/\/cloudmicrosol.com\/wp-content\/uploads\/2025\/10\/DSC_6645-1024x683.jpg\" class=\"attachment-large size-large wp-image-8430\" alt=\"\" srcset=\"https:\/\/cloudmicrosol.com\/wp-content\/uploads\/2025\/10\/DSC_6645-1024x683.jpg 1024w, https:\/\/cloudmicrosol.com\/wp-content\/uploads\/2025\/10\/DSC_6645-300x200.jpg 300w, https:\/\/cloudmicrosol.com\/wp-content\/uploads\/2025\/10\/DSC_6645-768x512.jpg 768w, https:\/\/cloudmicrosol.com\/wp-content\/uploads\/2025\/10\/DSC_6645-1536x1024.jpg 1536w, https:\/\/cloudmicrosol.com\/wp-content\/uploads\/2025\/10\/DSC_6645-2048x1365.jpg 2048w, https:\/\/cloudmicrosol.com\/wp-content\/uploads\/2025\/10\/DSC_6645-18x12.jpg 18w\" sizes=\"(max-width: 1024px) 100vw, 1024px\" \/>\t\t\t\t\t\t\t\t\t\t\t\t\t\t\t<\/div>\n\t\t\t\t<\/div>\n\t\t\t\t\t<\/div>\n\t\t<\/div>\n\t\t\t\t\t<\/div>\n\t\t<\/section>\n\t\t\t\t<section class=\"elementor-section elementor-top-section elementor-element elementor-element-4cb6d8e elementor-section-boxed elementor-section-height-default elementor-section-height-default\" data-id=\"4cb6d8e\" data-element_type=\"section\" data-settings=\"{&quot;jet_parallax_layout_list&quot;:[],&quot;ekit_has_onepagescroll_dot&quot;:&quot;yes&quot;}\">\n\t\t\t\t\t\t<div class=\"elementor-container elementor-column-gap-default\">\n\t\t\t\t\t<div class=\"elementor-column elementor-col-100 elementor-top-column elementor-element elementor-element-8a15765\" data-id=\"8a15765\" data-element_type=\"column\">\n\t\t\t<div class=\"elementor-column-wrap--8a15765 elementor-widget-wrap elementor-element-populated\">\n\t\t\t\t\t\t<div class=\"elementor-element elementor-element-b3db4c3 elementor-widget elementor-widget-spacer\" data-id=\"b3db4c3\" data-element_type=\"widget\" data-settings=\"{&quot;ekit_we_effect_on&quot;:&quot;none&quot;}\" data-widget_type=\"spacer.default\">\n\t\t\t\t<div class=\"elementor-widget-container\">\n\t\t\t\t\t\t\t<div class=\"elementor-spacer\">\n\t\t\t<div class=\"elementor-spacer-inner\"><\/div>\n\t\t<\/div>\n\t\t\t\t\t\t<\/div>\n\t\t\t\t<\/div>\n\t\t\t\t\t<\/div>\n\t\t<\/div>\n\t\t\t\t\t<\/div>\n\t\t<\/section>\n\t\t\t\t<section class=\"elementor-section elementor-top-section elementor-element elementor-element-7baa8bd elementor-section-boxed elementor-section-height-default elementor-section-height-default\" data-id=\"7baa8bd\" data-element_type=\"section\" data-settings=\"{&quot;jet_parallax_layout_list&quot;:[],&quot;ekit_has_onepagescroll_dot&quot;:&quot;yes&quot;}\">\n\t\t\t\t\t\t<div class=\"elementor-container elementor-column-gap-default\">\n\t\t\t\t\t<div class=\"elementor-column elementor-col-100 elementor-top-column elementor-element elementor-element-08a91af\" data-id=\"08a91af\" data-element_type=\"column\">\n\t\t\t<div class=\"elementor-column-wrap--08a91af elementor-widget-wrap elementor-element-populated\">\n\t\t\t\t\t\t<div class=\"elementor-element elementor-element-7a1865a elementor-widget elementor-widget-text-editor\" data-id=\"7a1865a\" data-element_type=\"widget\" data-settings=\"{&quot;ekit_we_effect_on&quot;:&quot;none&quot;}\" data-widget_type=\"text-editor.default\">\n\t\t\t\t<div class=\"elementor-widget-container\">\n\t\t\t\t\t\t\t\t\t<p><span data-contrast=\"auto\">La participaci\u00f3n de Microsol en este evento fortalece su compromiso con la acci\u00f3n clim\u00e1tica y la cooperaci\u00f3n internacional, reafirmando su convicci\u00f3n de que los enfoques colaborativos del Art\u00edculo 6 ofrecen una oportunidad valiosa para combinar la mitigaci\u00f3n de emisiones con el desarrollo sostenible y el bienestar de las comunidades.<\/span><span data-ccp-props=\"{&quot;134233117&quot;:false,&quot;134233118&quot;:false,&quot;335551550&quot;:6,&quot;335551620&quot;:6,&quot;335559738&quot;:240,&quot;335559739&quot;:240}\">\u00a0<\/span><\/p><p><span data-contrast=\"auto\">Finalmente, cabe resaltar que este a\u00f1o Microsol tambi\u00e9n participar\u00e1 en la COP30, con la determinaci\u00f3n de continuar el camino trazado en la COP29, aportando conocimiento y experiencia nacional en mercados de carbono, cooperaci\u00f3n internacional y alianzas con actores diversos en el pa\u00eds.<\/span><span data-ccp-props=\"{&quot;134233117&quot;:false,&quot;134233118&quot;:false,&quot;335551550&quot;:6,&quot;335551620&quot;:6,&quot;335559738&quot;:240,&quot;335559739&quot;:240}\">\u00a0<\/span><\/p>\t\t\t\t\t\t\t\t<\/div>\n\t\t\t\t<\/div>\n\t\t\t\t\t<\/div>\n\t\t<\/div>\n\t\t\t\t\t<\/div>\n\t\t<\/section>\n\t\t\t\t<section class=\"elementor-section elementor-top-section elementor-element elementor-element-ecede6b elementor-section-boxed elementor-section-height-default elementor-section-height-default\" data-id=\"ecede6b\" data-element_type=\"section\" data-settings=\"{&quot;jet_parallax_layout_list&quot;:[],&quot;ekit_has_onepagescroll_dot&quot;:&quot;yes&quot;}\">\n\t\t\t\t\t\t<div class=\"elementor-container elementor-column-gap-default\">\n\t\t\t\t\t<div class=\"elementor-column elementor-col-100 elementor-top-column elementor-element elementor-element-d36de3e\" data-id=\"d36de3e\" data-element_type=\"column\">\n\t\t\t<div class=\"elementor-column-wrap--d36de3e elementor-widget-wrap elementor-element-populated\">\n\t\t\t\t\t\t<div class=\"elementor-element elementor-element-9256b00 elementor-widget elementor-widget-image\" data-id=\"9256b00\" data-element_type=\"widget\" data-settings=\"{&quot;ekit_we_effect_on&quot;:&quot;none&quot;}\" data-widget_type=\"image.default\">\n\t\t\t\t<div class=\"elementor-widget-container\">\n\t\t\t\t\t\t\t\t\t\t\t\t\t\t\t<img loading=\"lazy\" decoding=\"async\" width=\"1024\" height=\"682\" src=\"https:\/\/cloudmicrosol.com\/wp-content\/uploads\/2025\/10\/DSC_6671-1024x682.jpg\" class=\"attachment-large size-large wp-image-8431\" alt=\"\" srcset=\"https:\/\/cloudmicrosol.com\/wp-content\/uploads\/2025\/10\/DSC_6671-1024x682.jpg 1024w, https:\/\/cloudmicrosol.com\/wp-content\/uploads\/2025\/10\/DSC_6671-300x200.jpg 300w, https:\/\/cloudmicrosol.com\/wp-content\/uploads\/2025\/10\/DSC_6671-768x512.jpg 768w, https:\/\/cloudmicrosol.com\/wp-content\/uploads\/2025\/10\/DSC_6671-1536x1024.jpg 1536w, https:\/\/cloudmicrosol.com\/wp-content\/uploads\/2025\/10\/DSC_6671-2048x1365.jpg 2048w, https:\/\/cloudmicrosol.com\/wp-content\/uploads\/2025\/10\/DSC_6671-18x12.jpg 18w\" sizes=\"(max-width: 1024px) 100vw, 1024px\" \/>\t\t\t\t\t\t\t\t\t\t\t\t\t\t\t<\/div>\n\t\t\t\t<\/div>\n\t\t\t\t\t<\/div>\n\t\t<\/div>\n\t\t\t\t\t<\/div>\n\t\t<\/section>\n\t\t\t\t<\/div>","protected":false},"excerpt":{"rendered":"<p>La gerente general de Microsol particip\u00f3 como speaker en evento sobre los avances nacionales respecto del Art\u00edculo 6 del Acuerdo de Par\u00eds de cara hacia la COP30 en Belem. El jueves 30 de octubre de 2025, el equipo de Microsol, representado por su gerente general Yanna Gruel, particip\u00f3 en el evento \u201cArt\u00edculo 6 en el [&hellip;]<\/p>","protected":false},"author":9,"featured_media":8427,"comment_status":"closed","ping_status":"closed","sticky":false,"template":"","format":"standard","meta":{"_acf_changed":false,"footnotes":""},"categories":[7],"tags":[32,73,10,141,142],"class_list":["post-8422","post","type-post","status-publish","format-standard","has-post-thumbnail","hentry","category-notas-de-prensa","tag-acuerdo-de-paris","tag-articulo-6","tag-cocinas-mejoradas","tag-cop","tag-cop30"],"acf":[],"yoast_head":"<!-- This site is optimized with the Yoast SEO Premium plugin v23.5 (Yoast SEO v26.4) - https:\/\/yoast.com\/wordpress\/plugins\/seo\/ -->\n<title>Microsol comparte aprendizajes en la antesala de la COP30<\/title>\n<meta name=\"description\" content=\"La gerente general de Microsol particip\u00f3 como speaker en evento sobre los avances nacionales respecto del Art\u00edculo 6 del Acuerdo de Par\u00eds de cara hacia la COP30 en Belem\" \/>\n<meta name=\"robots\" content=\"index, follow, max-snippet:-1, max-image-preview:large, max-video-preview:-1\" \/>\n<link rel=\"canonical\" href=\"https:\/\/microsol-int.com\/fr\/microsol-comparte-aprendizajes-sobre-el-programa-tuki-wasi-en-la-antesala-de-la-cop30\/\" \/>\n<meta property=\"og:locale\" content=\"fr_FR\" \/>\n<meta property=\"og:type\" content=\"article\" \/>\n<meta property=\"og:title\" content=\"Microsol comparte aprendizajes sobre el Programa Tuki Wasi en la antesala de la COP30\" \/>\n<meta property=\"og:description\" content=\"La gerente general de Microsol particip\u00f3 como speaker en evento sobre los avances nacionales respecto del Art\u00edculo 6 del Acuerdo de Par\u00eds de cara hacia la COP30 en Belem\" \/>\n<meta property=\"og:url\" content=\"https:\/\/microsol-int.com\/fr\/microsol-comparte-aprendizajes-sobre-el-programa-tuki-wasi-en-la-antesala-de-la-cop30\/\" \/>\n<meta property=\"og:site_name\" content=\"Microsol\" \/>\n<meta property=\"article:publisher\" content=\"https:\/\/www.facebook.com\/MICROSOLint\" \/>\n<meta property=\"article:published_time\" content=\"2025-10-31T21:29:52+00:00\" \/>\n<meta property=\"article:modified_time\" content=\"2025-11-03T14:07:08+00:00\" \/>\n<meta property=\"og:image\" content=\"https:\/\/microsol-int.com\/wp-content\/uploads\/2025\/10\/DSC_6603-scaled.jpg\" \/>\n\t<meta property=\"og:image:width\" content=\"2560\" \/>\n\t<meta property=\"og:image:height\" content=\"1706\" \/>\n\t<meta property=\"og:image:type\" content=\"image\/jpeg\" \/>\n<meta name=\"author\" content=\"Karla Colquichagua\" \/>\n<meta name=\"twitter:card\" content=\"summary_large_image\" \/>\n<meta name=\"twitter:creator\" content=\"@MicrosolPeru\" \/>\n<meta name=\"twitter:site\" content=\"@MicrosolPeru\" \/>\n<meta name=\"twitter:label1\" content=\"\u00c9crit par\" \/>\n\t<meta name=\"twitter:data1\" content=\"Karla Colquichagua\" \/>\n\t<meta name=\"twitter:label2\" content=\"Dur\u00e9e de lecture estim\u00e9e\" \/>\n\t<meta name=\"twitter:data2\" content=\"5 minutes\" \/>\n<script type=\"application\/ld+json\" class=\"yoast-schema-graph\">{\"@context\":\"https:\/\/schema.org\",\"@graph\":[{\"@type\":\"Article\",\"@id\":\"https:\/\/microsol-int.com\/microsol-comparte-aprendizajes-sobre-el-programa-tuki-wasi-en-la-antesala-de-la-cop30\/#article\",\"isPartOf\":{\"@id\":\"https:\/\/microsol-int.com\/microsol-comparte-aprendizajes-sobre-el-programa-tuki-wasi-en-la-antesala-de-la-cop30\/\"},\"author\":{\"name\":\"Karla Colquichagua\",\"@id\":\"https:\/\/microsol-int.com\/#\/schema\/person\/9705d52afb889dd1d167f7bf007d9201\"},\"headline\":\"Microsol comparte aprendizajes sobre el Programa Tuki Wasi en la antesala de la COP30\",\"datePublished\":\"2025-10-31T21:29:52+00:00\",\"dateModified\":\"2025-11-03T14:07:08+00:00\",\"mainEntityOfPage\":{\"@id\":\"https:\/\/microsol-int.com\/microsol-comparte-aprendizajes-sobre-el-programa-tuki-wasi-en-la-antesala-de-la-cop30\/\"},\"wordCount\":727,\"publisher\":{\"@id\":\"https:\/\/microsol-int.com\/#organization\"},\"image\":{\"@id\":\"https:\/\/microsol-int.com\/microsol-comparte-aprendizajes-sobre-el-programa-tuki-wasi-en-la-antesala-de-la-cop30\/#primaryimage\"},\"thumbnailUrl\":\"https:\/\/microsol-int.com\/wp-content\/uploads\/2025\/10\/DSC_6603-scaled.jpg\",\"keywords\":[\"Acuerdo de Par\u00eds\",\"Art\u00edculo 6\",\"Cocinas mejoradas\",\"COP\",\"COP30\"],\"articleSection\":[\"Notas de prensa\"],\"inLanguage\":\"fr-FR\"},{\"@type\":\"WebPage\",\"@id\":\"https:\/\/microsol-int.com\/microsol-comparte-aprendizajes-sobre-el-programa-tuki-wasi-en-la-antesala-de-la-cop30\/\",\"url\":\"https:\/\/microsol-int.com\/microsol-comparte-aprendizajes-sobre-el-programa-tuki-wasi-en-la-antesala-de-la-cop30\/\",\"name\":\"Microsol comparte aprendizajes en la antesala de la COP30\",\"isPartOf\":{\"@id\":\"https:\/\/microsol-int.com\/#website\"},\"primaryImageOfPage\":{\"@id\":\"https:\/\/microsol-int.com\/microsol-comparte-aprendizajes-sobre-el-programa-tuki-wasi-en-la-antesala-de-la-cop30\/#primaryimage\"},\"image\":{\"@id\":\"https:\/\/microsol-int.com\/microsol-comparte-aprendizajes-sobre-el-programa-tuki-wasi-en-la-antesala-de-la-cop30\/#primaryimage\"},\"thumbnailUrl\":\"https:\/\/microsol-int.com\/wp-content\/uploads\/2025\/10\/DSC_6603-scaled.jpg\",\"datePublished\":\"2025-10-31T21:29:52+00:00\",\"dateModified\":\"2025-11-03T14:07:08+00:00\",\"description\":\"La gerente general de Microsol particip\u00f3 como speaker en evento sobre los avances nacionales respecto del Art\u00edculo 6 del Acuerdo de Par\u00eds de cara hacia la COP30 en Belem\",\"breadcrumb\":{\"@id\":\"https:\/\/microsol-int.com\/microsol-comparte-aprendizajes-sobre-el-programa-tuki-wasi-en-la-antesala-de-la-cop30\/#breadcrumb\"},\"inLanguage\":\"fr-FR\",\"potentialAction\":[{\"@type\":\"ReadAction\",\"target\":[\"https:\/\/microsol-int.com\/microsol-comparte-aprendizajes-sobre-el-programa-tuki-wasi-en-la-antesala-de-la-cop30\/\"]}]},{\"@type\":\"ImageObject\",\"inLanguage\":\"fr-FR\",\"@id\":\"https:\/\/microsol-int.com\/microsol-comparte-aprendizajes-sobre-el-programa-tuki-wasi-en-la-antesala-de-la-cop30\/#primaryimage\",\"url\":\"https:\/\/microsol-int.com\/wp-content\/uploads\/2025\/10\/DSC_6603-scaled.jpg\",\"contentUrl\":\"https:\/\/microsol-int.com\/wp-content\/uploads\/2025\/10\/DSC_6603-scaled.jpg\",\"width\":2560,\"height\":1706},{\"@type\":\"BreadcrumbList\",\"@id\":\"https:\/\/microsol-int.com\/microsol-comparte-aprendizajes-sobre-el-programa-tuki-wasi-en-la-antesala-de-la-cop30\/#breadcrumb\",\"itemListElement\":[{\"@type\":\"ListItem\",\"position\":1,\"name\":\"Portada\",\"item\":\"https:\/\/microsol-int.com\/\"},{\"@type\":\"ListItem\",\"position\":2,\"name\":\"Microsol comparte aprendizajes sobre el Programa Tuki Wasi en la antesala de la COP30\"}]},{\"@type\":\"WebSite\",\"@id\":\"https:\/\/microsol-int.com\/#website\",\"url\":\"https:\/\/microsol-int.com\/\",\"name\":\"Microsol\",\"description\":\"Una fuente de energ\u00eda sostenible para familias que lo necesitan\",\"publisher\":{\"@id\":\"https:\/\/microsol-int.com\/#organization\"},\"potentialAction\":[{\"@type\":\"SearchAction\",\"target\":{\"@type\":\"EntryPoint\",\"urlTemplate\":\"https:\/\/microsol-int.com\/?s={search_term_string}\"},\"query-input\":{\"@type\":\"PropertyValueSpecification\",\"valueRequired\":true,\"valueName\":\"search_term_string\"}}],\"inLanguage\":\"fr-FR\"},{\"@type\":\"Organization\",\"@id\":\"https:\/\/microsol-int.com\/#organization\",\"name\":\"Microsol\",\"url\":\"https:\/\/microsol-int.com\/\",\"logo\":{\"@type\":\"ImageObject\",\"inLanguage\":\"fr-FR\",\"@id\":\"https:\/\/microsol-int.com\/#\/schema\/logo\/image\/\",\"url\":\"https:\/\/microsol-int.com\/wp-content\/uploads\/2022\/12\/logo.svg\",\"contentUrl\":\"https:\/\/microsol-int.com\/wp-content\/uploads\/2022\/12\/logo.svg\",\"width\":186,\"height\":85,\"caption\":\"Microsol\"},\"image\":{\"@id\":\"https:\/\/microsol-int.com\/#\/schema\/logo\/image\/\"},\"sameAs\":[\"https:\/\/www.facebook.com\/MICROSOLint\",\"https:\/\/x.com\/MicrosolPeru\",\"https:\/\/www.linkedin.com\/company\/microsol\",\"https:\/\/www.youtube.com\/user\/MICROSOLint\/\"]},{\"@type\":\"Person\",\"@id\":\"https:\/\/microsol-int.com\/#\/schema\/person\/9705d52afb889dd1d167f7bf007d9201\",\"name\":\"Karla Colquichagua\",\"image\":{\"@type\":\"ImageObject\",\"inLanguage\":\"fr-FR\",\"@id\":\"https:\/\/microsol-int.com\/#\/schema\/person\/image\/\",\"url\":\"https:\/\/secure.gravatar.com\/avatar\/b52ccf5806eb4ab4ed61b45f50d52c48cb7dbf9b28f35ef119b130dbfd739392?s=96&d=mm&r=g\",\"contentUrl\":\"https:\/\/secure.gravatar.com\/avatar\/b52ccf5806eb4ab4ed61b45f50d52c48cb7dbf9b28f35ef119b130dbfd739392?s=96&d=mm&r=g\",\"caption\":\"Karla Colquichagua\"}}]}<\/script>\n<!-- \/ Yoast SEO Premium plugin. -->","yoast_head_json":{"title":"Microsol comparte aprendizajes en la antesala de la COP30","description":"La gerente general de Microsol particip\u00f3 como speaker en evento sobre los avances nacionales respecto del Art\u00edculo 6 del Acuerdo de Par\u00eds de cara hacia la COP30 en Belem","robots":{"index":"index","follow":"follow","max-snippet":"max-snippet:-1","max-image-preview":"max-image-preview:large","max-video-preview":"max-video-preview:-1"},"canonical":"https:\/\/microsol-int.com\/fr\/microsol-comparte-aprendizajes-sobre-el-programa-tuki-wasi-en-la-antesala-de-la-cop30\/","og_locale":"fr_FR","og_type":"article","og_title":"Microsol comparte aprendizajes sobre el Programa Tuki Wasi en la antesala de la COP30","og_description":"La gerente general de Microsol particip\u00f3 como speaker en evento sobre los avances nacionales respecto del Art\u00edculo 6 del Acuerdo de Par\u00eds de cara hacia la COP30 en Belem","og_url":"https:\/\/microsol-int.com\/fr\/microsol-comparte-aprendizajes-sobre-el-programa-tuki-wasi-en-la-antesala-de-la-cop30\/","og_site_name":"Microsol","article_publisher":"https:\/\/www.facebook.com\/MICROSOLint","article_published_time":"2025-10-31T21:29:52+00:00","article_modified_time":"2025-11-03T14:07:08+00:00","og_image":[{"width":2560,"height":1706,"url":"https:\/\/microsol-int.com\/wp-content\/uploads\/2025\/10\/DSC_6603-scaled.jpg","type":"image\/jpeg"}],"author":"Karla Colquichagua","twitter_card":"summary_large_image","twitter_creator":"@MicrosolPeru","twitter_site":"@MicrosolPeru","twitter_misc":{"\u00c9crit par":"Karla Colquichagua","Dur\u00e9e de lecture estim\u00e9e":"5 minutes"},"schema":{"@context":"https:\/\/schema.org","@graph":[{"@type":"Article","@id":"https:\/\/microsol-int.com\/microsol-comparte-aprendizajes-sobre-el-programa-tuki-wasi-en-la-antesala-de-la-cop30\/#article","isPartOf":{"@id":"https:\/\/microsol-int.com\/microsol-comparte-aprendizajes-sobre-el-programa-tuki-wasi-en-la-antesala-de-la-cop30\/"},"author":{"name":"Karla Colquichagua","@id":"https:\/\/microsol-int.com\/#\/schema\/person\/9705d52afb889dd1d167f7bf007d9201"},"headline":"Microsol comparte aprendizajes sobre el Programa Tuki Wasi en la antesala de la COP30","datePublished":"2025-10-31T21:29:52+00:00","dateModified":"2025-11-03T14:07:08+00:00","mainEntityOfPage":{"@id":"https:\/\/microsol-int.com\/microsol-comparte-aprendizajes-sobre-el-programa-tuki-wasi-en-la-antesala-de-la-cop30\/"},"wordCount":727,"publisher":{"@id":"https:\/\/microsol-int.com\/#organization"},"image":{"@id":"https:\/\/microsol-int.com\/microsol-comparte-aprendizajes-sobre-el-programa-tuki-wasi-en-la-antesala-de-la-cop30\/#primaryimage"},"thumbnailUrl":"https:\/\/microsol-int.com\/wp-content\/uploads\/2025\/10\/DSC_6603-scaled.jpg","keywords":["Acuerdo de Par\u00eds","Art\u00edculo 6","Cocinas mejoradas","COP","COP30"],"articleSection":["Notas de prensa"],"inLanguage":"fr-FR"},{"@type":"WebPage","@id":"https:\/\/microsol-int.com\/microsol-comparte-aprendizajes-sobre-el-programa-tuki-wasi-en-la-antesala-de-la-cop30\/","url":"https:\/\/microsol-int.com\/microsol-comparte-aprendizajes-sobre-el-programa-tuki-wasi-en-la-antesala-de-la-cop30\/","name":"Microsol comparte aprendizajes en la antesala de la COP30","isPartOf":{"@id":"https:\/\/microsol-int.com\/#website"},"primaryImageOfPage":{"@id":"https:\/\/microsol-int.com\/microsol-comparte-aprendizajes-sobre-el-programa-tuki-wasi-en-la-antesala-de-la-cop30\/#primaryimage"},"image":{"@id":"https:\/\/microsol-int.com\/microsol-comparte-aprendizajes-sobre-el-programa-tuki-wasi-en-la-antesala-de-la-cop30\/#primaryimage"},"thumbnailUrl":"https:\/\/microsol-int.com\/wp-content\/uploads\/2025\/10\/DSC_6603-scaled.jpg","datePublished":"2025-10-31T21:29:52+00:00","dateModified":"2025-11-03T14:07:08+00:00","description":"La gerente general de Microsol particip\u00f3 como speaker en evento sobre los avances nacionales respecto del Art\u00edculo 6 del Acuerdo de Par\u00eds de cara hacia la COP30 en Belem","breadcrumb":{"@id":"https:\/\/microsol-int.com\/microsol-comparte-aprendizajes-sobre-el-programa-tuki-wasi-en-la-antesala-de-la-cop30\/#breadcrumb"},"inLanguage":"fr-FR","potentialAction":[{"@type":"ReadAction","target":["https:\/\/microsol-int.com\/microsol-comparte-aprendizajes-sobre-el-programa-tuki-wasi-en-la-antesala-de-la-cop30\/"]}]},{"@type":"ImageObject","inLanguage":"fr-FR","@id":"https:\/\/microsol-int.com\/microsol-comparte-aprendizajes-sobre-el-programa-tuki-wasi-en-la-antesala-de-la-cop30\/#primaryimage","url":"https:\/\/microsol-int.com\/wp-content\/uploads\/2025\/10\/DSC_6603-scaled.jpg","contentUrl":"https:\/\/microsol-int.com\/wp-content\/uploads\/2025\/10\/DSC_6603-scaled.jpg","width":2560,"height":1706},{"@type":"BreadcrumbList","@id":"https:\/\/microsol-int.com\/microsol-comparte-aprendizajes-sobre-el-programa-tuki-wasi-en-la-antesala-de-la-cop30\/#breadcrumb","itemListElement":[{"@type":"ListItem","position":1,"name":"Portada","item":"https:\/\/microsol-int.com\/"},{"@type":"ListItem","position":2,"name":"Microsol comparte aprendizajes sobre el Programa Tuki Wasi en la antesala de la COP30"}]},{"@type":"WebSite","@id":"https:\/\/microsol-int.com\/#website","url":"https:\/\/microsol-int.com\/","name":"Microsol","description":"Une source d&#039;\u00e9nergie durable pour les familles dans le besoin","publisher":{"@id":"https:\/\/microsol-int.com\/#organization"},"potentialAction":[{"@type":"SearchAction","target":{"@type":"EntryPoint","urlTemplate":"https:\/\/microsol-int.com\/?s={search_term_string}"},"query-input":{"@type":"PropertyValueSpecification","valueRequired":true,"valueName":"search_term_string"}}],"inLanguage":"fr-FR"},{"@type":"Organization","@id":"https:\/\/microsol-int.com\/#organization","name":"Microsol","url":"https:\/\/microsol-int.com\/","logo":{"@type":"ImageObject","inLanguage":"fr-FR","@id":"https:\/\/microsol-int.com\/#\/schema\/logo\/image\/","url":"https:\/\/microsol-int.com\/wp-content\/uploads\/2022\/12\/logo.svg","contentUrl":"https:\/\/microsol-int.com\/wp-content\/uploads\/2022\/12\/logo.svg","width":186,"height":85,"caption":"Microsol"},"image":{"@id":"https:\/\/microsol-int.com\/#\/schema\/logo\/image\/"},"sameAs":["https:\/\/www.facebook.com\/MICROSOLint","https:\/\/x.com\/MicrosolPeru","https:\/\/www.linkedin.com\/company\/microsol","https:\/\/www.youtube.com\/user\/MICROSOLint\/"]},{"@type":"Person","@id":"https:\/\/microsol-int.com\/#\/schema\/person\/9705d52afb889dd1d167f7bf007d9201","name":"Karla Colquichagua","image":{"@type":"ImageObject","inLanguage":"fr-FR","@id":"https:\/\/microsol-int.com\/#\/schema\/person\/image\/","url":"https:\/\/secure.gravatar.com\/avatar\/b52ccf5806eb4ab4ed61b45f50d52c48cb7dbf9b28f35ef119b130dbfd739392?s=96&d=mm&r=g","contentUrl":"https:\/\/secure.gravatar.com\/avatar\/b52ccf5806eb4ab4ed61b45f50d52c48cb7dbf9b28f35ef119b130dbfd739392?s=96&d=mm&r=g","caption":"Karla Colquichagua"}}]}},"_links":{"self":[{"href":"https:\/\/microsol-int.com\/fr\/wp-json\/wp\/v2\/posts\/8422","targetHints":{"allow":["GET"]}}],"collection":[{"href":"https:\/\/microsol-int.com\/fr\/wp-json\/wp\/v2\/posts"}],"about":[{"href":"https:\/\/microsol-int.com\/fr\/wp-json\/wp\/v2\/types\/post"}],"author":[{"embeddable":true,"href":"https:\/\/microsol-int.com\/fr\/wp-json\/wp\/v2\/users\/9"}],"replies":[{"embeddable":true,"href":"https:\/\/microsol-int.com\/fr\/wp-json\/wp\/v2\/comments?post=8422"}],"version-history":[{"count":0,"href":"https:\/\/microsol-int.com\/fr\/wp-json\/wp\/v2\/posts\/8422\/revisions"}],"wp:featuredmedia":[{"embeddable":true,"href":"https:\/\/microsol-int.com\/fr\/wp-json\/wp\/v2\/media\/8427"}],"wp:attachment":[{"href":"https:\/\/microsol-int.com\/fr\/wp-json\/wp\/v2\/media?parent=8422"}],"wp:term":[{"taxonomy":"category","embeddable":true,"href":"https:\/\/microsol-int.com\/fr\/wp-json\/wp\/v2\/categories?post=8422"},{"taxonomy":"post_tag","embeddable":true,"href":"https:\/\/microsol-int.com\/fr\/wp-json\/wp\/v2\/tags?post=8422"}],"curies":[{"name":"wp","href":"https:\/\/api.w.org\/{rel}","templated":true}]}}