{"id":8334,"date":"2025-07-15T12:44:30","date_gmt":"2025-07-15T17:44:30","guid":{"rendered":"https:\/\/microsol-int.com\/?p=8334"},"modified":"2025-07-15T12:46:26","modified_gmt":"2025-07-15T17:46:26","slug":"minem-y-microsol-sostienen-reunion-sobre-coccion-limpia-en-el-pais","status":"publish","type":"post","link":"https:\/\/microsol-int.com\/fr\/minem-y-microsol-sostienen-reunion-sobre-coccion-limpia-en-el-pais\/","title":{"rendered":"Ministerio de Energ\u00eda y Minas del Per\u00fa y Microsol sostienen reuni\u00f3n sobre cocci\u00f3n limpia en el pa\u00eds"},"content":{"rendered":"<div data-elementor-type=\"wp-post\" data-elementor-id=\"8334\" class=\"elementor elementor-8334\" data-elementor-post-type=\"post\">\n\t\t\t\t\t\t<section class=\"elementor-section elementor-top-section elementor-element elementor-element-6f71e93 elementor-section-boxed elementor-section-height-default elementor-section-height-default\" data-id=\"6f71e93\" data-element_type=\"section\" data-settings=\"{&quot;jet_parallax_layout_list&quot;:[],&quot;ekit_has_onepagescroll_dot&quot;:&quot;yes&quot;}\">\n\t\t\t\t\t\t<div class=\"elementor-container elementor-column-gap-default\">\n\t\t\t\t\t<div class=\"elementor-column elementor-col-100 elementor-top-column elementor-element elementor-element-2ca8331\" data-id=\"2ca8331\" data-element_type=\"column\">\n\t\t\t<div class=\"elementor-column-wrap--2ca8331 elementor-widget-wrap elementor-element-populated\">\n\t\t\t\t\t\t<div class=\"elementor-element elementor-element-4fdb373 elementor-widget elementor-widget-text-editor\" data-id=\"4fdb373\" data-element_type=\"widget\" data-settings=\"{&quot;ekit_we_effect_on&quot;:&quot;none&quot;}\" data-widget_type=\"text-editor.default\">\n\t\t\t\t<div class=\"elementor-widget-container\">\n\t\t\t\t\t\t\t\t\t<p><i><span data-contrast=\"auto\">Representantes de ambas organizaciones conversaron sobre el rol de las cocinas mejoradas para mitigar el impacto ambiental y reducir riesgos en salud.<\/span><\/i><span data-ccp-props=\"{&quot;134233117&quot;:false,&quot;134233118&quot;:false,&quot;201341983&quot;:0,&quot;335551550&quot;:6,&quot;335551620&quot;:6,&quot;335559685&quot;:0,&quot;335559737&quot;:0,&quot;335559738&quot;:0,&quot;335559739&quot;:160,&quot;335559740&quot;:279}\">\u00a0<\/span><\/p>\t\t\t\t\t\t\t\t<\/div>\n\t\t\t\t<\/div>\n\t\t\t\t\t<\/div>\n\t\t<\/div>\n\t\t\t\t\t<\/div>\n\t\t<\/section>\n\t\t\t\t<section class=\"elementor-section elementor-top-section elementor-element elementor-element-ac6e9aa elementor-section-boxed elementor-section-height-default elementor-section-height-default\" data-id=\"ac6e9aa\" data-element_type=\"section\" data-settings=\"{&quot;jet_parallax_layout_list&quot;:[],&quot;ekit_has_onepagescroll_dot&quot;:&quot;yes&quot;}\">\n\t\t\t\t\t\t<div class=\"elementor-container elementor-column-gap-default\">\n\t\t\t\t\t<div class=\"elementor-column elementor-col-100 elementor-top-column elementor-element elementor-element-ceb5b13\" data-id=\"ceb5b13\" data-element_type=\"column\">\n\t\t\t<div class=\"elementor-column-wrap--ceb5b13 elementor-widget-wrap elementor-element-populated\">\n\t\t\t\t\t\t<div class=\"elementor-element elementor-element-3621c66 elementor-widget elementor-widget-text-editor\" data-id=\"3621c66\" data-element_type=\"widget\" data-settings=\"{&quot;ekit_we_effect_on&quot;:&quot;none&quot;}\" data-widget_type=\"text-editor.default\">\n\t\t\t\t<div class=\"elementor-widget-container\">\n\t\t\t\t\t\t\t\t\t<p class=\"translation-block\"><span class=\"TextRun SCXW168945464 BCX2\" lang=\"ES-ES\" xml:lang=\"ES-ES\" data-contrast=\"auto\"><span class=\"NormalTextRun SCXW168945464 BCX2\">El lunes 14 de julio de 2025<\/span><span class=\"NormalTextRun SCXW168945464 BCX2\">, <\/span><span class=\"NormalTextRun SCXW168945464 BCX2\">el<\/span><span class=\"NormalTextRun CommentStart SCXW168945464 BCX2\"> Ministerio de Energ\u00eda y Minas del Per\u00fa <\/span><span class=\"NormalTextRun SCXW168945464 BCX2\">y <\/span><span class=\"NormalTextRun SCXW168945464 BCX2\">nuestra organizaci\u00f3n<\/span> <span class=\"NormalTextRun SCXW168945464 BCX2\">s<\/span><span class=\"NormalTextRun SCXW168945464 BCX2\">e reunieron en las oficinas ministeriales <\/span><span class=\"NormalTextRun SCXW168945464 BCX2\">para<\/span> <span class=\"NormalTextRun SCXW168945464 BCX2\">conversar <\/span><span class=\"NormalTextRun CommentStart SCXW168945464 BCX2\">sobre <\/span><span class=\"NormalTextRun SCXW168945464 BCX2\">la experiencia de <\/span><span class=\"NormalTextRun SpellingErrorV2Themed SCXW168945464 BCX2\">Microsol<\/span><span class=\"NormalTextRun SCXW168945464 BCX2\"> y la importancia de fortalecer el Programa Nacional de Cocinas Mejoradas<\/span><span class=\"NormalTextRun SCXW168945464 BCX2\">, con el objetivo de <\/span><span class=\"NormalTextRun SCXW168945464 BCX2\">mitiga<\/span><span class=\"NormalTextRun SCXW168945464 BCX2\">r el cambio clim\u00e1tico y enfrentar <\/span><span class=\"NormalTextRun SCXW168945464 BCX2\">la problem\u00e1tica en<\/span><span class=\"NormalTextRun SCXW168945464 BCX2\"> salud infantil, sobre todo en<\/span><span class=\"NormalTextRun SCXW168945464 BCX2\"> las<\/span><span class=\"NormalTextRun SCXW168945464 BCX2\"> zonas rurales del pa\u00eds.<\/span><\/span><\/p>\t\t\t\t\t\t\t\t<\/div>\n\t\t\t\t<\/div>\n\t\t\t\t\t<\/div>\n\t\t<\/div>\n\t\t\t\t\t<\/div>\n\t\t<\/section>\n\t\t\t\t<section class=\"elementor-section elementor-top-section elementor-element elementor-element-58077ed elementor-section-boxed elementor-section-height-default elementor-section-height-default\" data-id=\"58077ed\" data-element_type=\"section\" data-settings=\"{&quot;jet_parallax_layout_list&quot;:[],&quot;ekit_has_onepagescroll_dot&quot;:&quot;yes&quot;}\">\n\t\t\t\t\t\t<div class=\"elementor-container elementor-column-gap-default\">\n\t\t\t\t\t<div class=\"elementor-column elementor-col-100 elementor-top-column elementor-element elementor-element-97f7298\" data-id=\"97f7298\" data-element_type=\"column\">\n\t\t\t<div class=\"elementor-column-wrap--97f7298 elementor-widget-wrap elementor-element-populated\">\n\t\t\t\t\t\t<div class=\"elementor-element elementor-element-da0aad2 elementor-widget elementor-widget-spacer\" data-id=\"da0aad2\" data-element_type=\"widget\" data-settings=\"{&quot;ekit_we_effect_on&quot;:&quot;none&quot;}\" data-widget_type=\"spacer.default\">\n\t\t\t\t<div class=\"elementor-widget-container\">\n\t\t\t\t\t\t\t<div class=\"elementor-spacer\">\n\t\t\t<div class=\"elementor-spacer-inner\"><\/div>\n\t\t<\/div>\n\t\t\t\t\t\t<\/div>\n\t\t\t\t<\/div>\n\t\t\t\t\t<\/div>\n\t\t<\/div>\n\t\t\t\t\t<\/div>\n\t\t<\/section>\n\t\t\t\t<section class=\"elementor-section elementor-top-section elementor-element elementor-element-c433f1a elementor-section-boxed elementor-section-height-default elementor-section-height-default\" data-id=\"c433f1a\" data-element_type=\"section\" data-settings=\"{&quot;jet_parallax_layout_list&quot;:[],&quot;ekit_has_onepagescroll_dot&quot;:&quot;yes&quot;}\">\n\t\t\t\t\t\t<div class=\"elementor-container elementor-column-gap-default\">\n\t\t\t\t\t<div class=\"elementor-column elementor-col-100 elementor-top-column elementor-element elementor-element-2440932\" data-id=\"2440932\" data-element_type=\"column\">\n\t\t\t<div class=\"elementor-column-wrap--2440932 elementor-widget-wrap elementor-element-populated\">\n\t\t\t\t\t\t<div class=\"elementor-element elementor-element-b331c79 elementor-widget elementor-widget-text-editor\" data-id=\"b331c79\" data-element_type=\"widget\" data-settings=\"{&quot;ekit_we_effect_on&quot;:&quot;none&quot;}\" data-widget_type=\"text-editor.default\">\n\t\t\t\t<div class=\"elementor-widget-container\">\n\t\t\t\t\t\t\t\t\t<p class=\"translation-block\"><span class=\"TextRun SCXW174349746 BCX2\" lang=\"ES-ES\" xml:lang=\"ES-ES\" data-contrast=\"auto\"><span class=\"NormalTextRun SpellingErrorV2Themed SCXW174349746 BCX2\">Microsol<\/span> <span class=\"NormalTextRun SCXW174349746 BCX2\">comparti\u00f3<\/span><span class=\"NormalTextRun SCXW174349746 BCX2\"> su <\/span><span class=\"NormalTextRun SCXW174349746 BCX2\">trayector<\/span><span class=\"NormalTextRun SCXW174349746 BCX2\">ia <\/span><span class=\"NormalTextRun SCXW174349746 BCX2\">pionera <\/span><span class=\"NormalTextRun SCXW174349746 BCX2\">en la gesti\u00f3n de programas de Cocinas Mejoradas en Am\u00e9rica Latina (Per\u00fa, Guatemala, Honduras y M\u00e9xico), tanto en el mercado voluntario como en el regulado<\/span><span class=\"NormalTextRun SCXW174349746 BCX2\">, y los <\/span><span class=\"NormalTextRun SCXW174349746 BCX2\">hi<\/span><span class=\"NormalTextRun SCXW174349746 BCX2\">tos <\/span><span class=\"NormalTextRun SCXW174349746 BCX2\">ambientales y sociales<\/span><span class=\"NormalTextRun SCXW174349746 BCX2\"> que ha<\/span><span class=\"NormalTextRun SCXW174349746 BCX2\">n<\/span> <span class=\"NormalTextRun SCXW174349746 BCX2\">logr<\/span><span class=\"NormalTextRun SCXW174349746 BCX2\">ado a lo largo de los <\/span><span class=\"NormalTextRun SCXW174349746 BCX2\">17 a\u00f1os de desempe\u00f1o en el sector. <\/span><span class=\"NormalTextRun SCXW174349746 BCX2\">Adem\u00e1s, <\/span><span class=\"NormalTextRun CommentStart SCXW174349746 BCX2\">se explic\u00f3<\/span> <span class=\"NormalTextRun SCXW174349746 BCX2\">los beneficios <\/span><span class=\"NormalTextRun SCXW174349746 BCX2\">que la implementaci\u00f3n de cocinas mejoradas <\/span><span class=\"NormalTextRun SCXW174349746 BCX2\">ha generado en<\/span><span class=\"NormalTextRun SCXW174349746 BCX2\"> las familias <\/span><span class=\"NormalTextRun SCXW174349746 BCX2\">usuarias de los programas <\/span><span class=\"NormalTextRun SCXW174349746 BCX2\">desde el primer d\u00eda de uso. <\/span><\/span><\/p>\t\t\t\t\t\t\t\t<\/div>\n\t\t\t\t<\/div>\n\t\t\t\t\t<\/div>\n\t\t<\/div>\n\t\t\t\t\t<\/div>\n\t\t<\/section>\n\t\t\t\t<section class=\"elementor-section elementor-top-section elementor-element elementor-element-1fc7053 elementor-section-boxed elementor-section-height-default elementor-section-height-default\" data-id=\"1fc7053\" data-element_type=\"section\" data-settings=\"{&quot;jet_parallax_layout_list&quot;:[],&quot;ekit_has_onepagescroll_dot&quot;:&quot;yes&quot;}\">\n\t\t\t\t\t\t<div class=\"elementor-container elementor-column-gap-default\">\n\t\t\t\t\t<div class=\"elementor-column elementor-col-100 elementor-top-column elementor-element elementor-element-2aa6981\" data-id=\"2aa6981\" data-element_type=\"column\">\n\t\t\t<div class=\"elementor-column-wrap--2aa6981 elementor-widget-wrap elementor-element-populated\">\n\t\t\t\t\t\t<div class=\"elementor-element elementor-element-5be0ac9 elementor-widget elementor-widget-spacer\" data-id=\"5be0ac9\" data-element_type=\"widget\" data-settings=\"{&quot;ekit_we_effect_on&quot;:&quot;none&quot;}\" data-widget_type=\"spacer.default\">\n\t\t\t\t<div class=\"elementor-widget-container\">\n\t\t\t\t\t\t\t<div class=\"elementor-spacer\">\n\t\t\t<div class=\"elementor-spacer-inner\"><\/div>\n\t\t<\/div>\n\t\t\t\t\t\t<\/div>\n\t\t\t\t<\/div>\n\t\t\t\t\t<\/div>\n\t\t<\/div>\n\t\t\t\t\t<\/div>\n\t\t<\/section>\n\t\t\t\t<section class=\"elementor-section elementor-top-section elementor-element elementor-element-22390c8 elementor-section-boxed elementor-section-height-default elementor-section-height-default\" data-id=\"22390c8\" data-element_type=\"section\" data-settings=\"{&quot;jet_parallax_layout_list&quot;:[],&quot;ekit_has_onepagescroll_dot&quot;:&quot;yes&quot;}\">\n\t\t\t\t\t\t<div class=\"elementor-container elementor-column-gap-default\">\n\t\t\t\t\t<div class=\"elementor-column elementor-col-100 elementor-top-column elementor-element elementor-element-4d98a10\" data-id=\"4d98a10\" data-element_type=\"column\">\n\t\t\t<div class=\"elementor-column-wrap--4d98a10 elementor-widget-wrap elementor-element-populated\">\n\t\t\t\t\t\t<div class=\"elementor-element elementor-element-af16c61 elementor-widget elementor-widget-text-editor\" data-id=\"af16c61\" data-element_type=\"widget\" data-settings=\"{&quot;ekit_we_effect_on&quot;:&quot;none&quot;}\" data-widget_type=\"text-editor.default\">\n\t\t\t\t<div class=\"elementor-widget-container\">\n\t\t\t\t\t\t\t\t\t<p><span data-contrast=\"auto\">Como punto clave, se resalt\u00f3 la importancia de fortalecer el Programa Nacional de Cocinas Mejoradas a trav\u00e9s de una estrategia integral y articulada entre el sector p\u00fablico y privado que permita enriquecer los procesos y conocimientos sobre metodolog\u00edas y est\u00e1ndares para maximizar el\u00a0impacto ambiental y lograr resultados medibles y escalables que beneficien a las familias en situaci\u00f3n de vulnerabilidad.<\/span><span data-ccp-props=\"{&quot;134233117&quot;:false,&quot;134233118&quot;:false,&quot;201341983&quot;:0,&quot;335551550&quot;:6,&quot;335551620&quot;:6,&quot;335559685&quot;:0,&quot;335559737&quot;:0,&quot;335559738&quot;:0,&quot;335559739&quot;:160,&quot;335559740&quot;:279}\">\u00a0<\/span><\/p>\t\t\t\t\t\t\t\t<\/div>\n\t\t\t\t<\/div>\n\t\t\t\t\t<\/div>\n\t\t<\/div>\n\t\t\t\t\t<\/div>\n\t\t<\/section>\n\t\t\t\t<section class=\"elementor-section elementor-top-section elementor-element elementor-element-4857cca elementor-section-boxed elementor-section-height-default elementor-section-height-default\" data-id=\"4857cca\" data-element_type=\"section\" data-settings=\"{&quot;jet_parallax_layout_list&quot;:[],&quot;ekit_has_onepagescroll_dot&quot;:&quot;yes&quot;}\">\n\t\t\t\t\t\t<div class=\"elementor-container elementor-column-gap-default\">\n\t\t\t\t\t<div class=\"elementor-column elementor-col-100 elementor-top-column elementor-element elementor-element-6a4c09c\" data-id=\"6a4c09c\" data-element_type=\"column\">\n\t\t\t<div class=\"elementor-column-wrap--6a4c09c elementor-widget-wrap elementor-element-populated\">\n\t\t\t\t\t\t<div class=\"elementor-element elementor-element-556e5ac elementor-widget elementor-widget-spacer\" data-id=\"556e5ac\" data-element_type=\"widget\" data-settings=\"{&quot;ekit_we_effect_on&quot;:&quot;none&quot;}\" data-widget_type=\"spacer.default\">\n\t\t\t\t<div class=\"elementor-widget-container\">\n\t\t\t\t\t\t\t<div class=\"elementor-spacer\">\n\t\t\t<div class=\"elementor-spacer-inner\"><\/div>\n\t\t<\/div>\n\t\t\t\t\t\t<\/div>\n\t\t\t\t<\/div>\n\t\t\t\t\t<\/div>\n\t\t<\/div>\n\t\t\t\t\t<\/div>\n\t\t<\/section>\n\t\t\t\t<section class=\"elementor-section elementor-top-section elementor-element elementor-element-4f75356 elementor-section-boxed elementor-section-height-default elementor-section-height-default\" data-id=\"4f75356\" data-element_type=\"section\" data-settings=\"{&quot;jet_parallax_layout_list&quot;:[],&quot;ekit_has_onepagescroll_dot&quot;:&quot;yes&quot;}\">\n\t\t\t\t\t\t<div class=\"elementor-container elementor-column-gap-default\">\n\t\t\t\t\t<div class=\"elementor-column elementor-col-100 elementor-top-column elementor-element elementor-element-da8f6a4\" data-id=\"da8f6a4\" data-element_type=\"column\">\n\t\t\t<div class=\"elementor-column-wrap--da8f6a4 elementor-widget-wrap elementor-element-populated\">\n\t\t\t\t\t\t<div class=\"elementor-element elementor-element-8d231d7 elementor-widget elementor-widget-text-editor\" data-id=\"8d231d7\" data-element_type=\"widget\" data-settings=\"{&quot;ekit_we_effect_on&quot;:&quot;none&quot;}\" data-widget_type=\"text-editor.default\">\n\t\t\t\t<div class=\"elementor-widget-container\">\n\t\t\t\t\t\t\t\t\t<p><span data-contrast=\"auto\">En zonas altoandinas del Per\u00fa, donde no hay acceso a fuentes de energ\u00eda sostenible, las cocinas mejoradas representan una soluci\u00f3n eficiente, sostenible y de f\u00e1cil adopci\u00f3n para combatir la pobreza energ\u00e9tica y los problemas de salud infantil, como las infecciones respiratorias agudas (IRA), al mismo tiempo que reducen la emisi\u00f3n de Gases de Efecto Invernadero producidos por el consumo de le\u00f1a para cocinar o calentar los hogares.<\/span><span data-ccp-props=\"{&quot;134233117&quot;:false,&quot;134233118&quot;:false,&quot;201341983&quot;:0,&quot;335551550&quot;:6,&quot;335551620&quot;:6,&quot;335559685&quot;:0,&quot;335559737&quot;:0,&quot;335559738&quot;:0,&quot;335559739&quot;:160,&quot;335559740&quot;:279}\">\u00a0<\/span><\/p><p><span data-contrast=\"auto\">Asimismo, las cocinas mejoradas tambi\u00e9n tienen un papel importante en la lucha contra la anemia y la desnutrici\u00f3n infantil, ya que contribuyen a mejorar los h\u00e1bitos alimenticios gracias a su eficiencia energ\u00e9tica y su sistema de evacuaci\u00f3n de humo, brind\u00e1ndole a las familias espacios libres de gases contaminantes para preparar alimentos nutritivos y variados.<\/span><span data-ccp-props=\"{&quot;134233117&quot;:false,&quot;134233118&quot;:false,&quot;201341983&quot;:0,&quot;335551550&quot;:6,&quot;335551620&quot;:6,&quot;335559685&quot;:0,&quot;335559737&quot;:0,&quot;335559738&quot;:0,&quot;335559739&quot;:160,&quot;335559740&quot;:279}\">\u00a0<\/span><\/p>\t\t\t\t\t\t\t\t<\/div>\n\t\t\t\t<\/div>\n\t\t\t\t\t<\/div>\n\t\t<\/div>\n\t\t\t\t\t<\/div>\n\t\t<\/section>\n\t\t\t\t<section class=\"elementor-section elementor-top-section elementor-element elementor-element-280591f elementor-section-boxed elementor-section-height-default elementor-section-height-default\" data-id=\"280591f\" data-element_type=\"section\" data-settings=\"{&quot;jet_parallax_layout_list&quot;:[],&quot;ekit_has_onepagescroll_dot&quot;:&quot;yes&quot;}\">\n\t\t\t\t\t\t<div class=\"elementor-container elementor-column-gap-default\">\n\t\t\t\t\t<div class=\"elementor-column elementor-col-100 elementor-top-column elementor-element elementor-element-9842d41\" data-id=\"9842d41\" data-element_type=\"column\">\n\t\t\t<div class=\"elementor-column-wrap--9842d41 elementor-widget-wrap elementor-element-populated\">\n\t\t\t\t\t\t<div class=\"elementor-element elementor-element-6b2cc3c elementor-widget elementor-widget-image\" data-id=\"6b2cc3c\" data-element_type=\"widget\" data-settings=\"{&quot;ekit_we_effect_on&quot;:&quot;none&quot;}\" data-widget_type=\"image.default\">\n\t\t\t\t<div class=\"elementor-widget-container\">\n\t\t\t\t\t\t\t\t\t\t\t\t\t\t\t<img fetchpriority=\"high\" decoding=\"async\" width=\"933\" height=\"622\" src=\"https:\/\/cloudmicrosol.com\/wp-content\/uploads\/2025\/07\/foto.png\" class=\"attachment-large size-large wp-image-8338\" alt=\"\" srcset=\"https:\/\/cloudmicrosol.com\/wp-content\/uploads\/2025\/07\/foto.png 933w, https:\/\/cloudmicrosol.com\/wp-content\/uploads\/2025\/07\/foto-300x200.png 300w, https:\/\/cloudmicrosol.com\/wp-content\/uploads\/2025\/07\/foto-768x512.png 768w, https:\/\/cloudmicrosol.com\/wp-content\/uploads\/2025\/07\/foto-18x12.png 18w\" sizes=\"(max-width: 933px) 100vw, 933px\" \/>\t\t\t\t\t\t\t\t\t\t\t\t\t\t\t<\/div>\n\t\t\t\t<\/div>\n\t\t\t\t\t<\/div>\n\t\t<\/div>\n\t\t\t\t\t<\/div>\n\t\t<\/section>\n\t\t\t\t<section class=\"elementor-section elementor-top-section elementor-element elementor-element-668310e elementor-section-boxed elementor-section-height-default elementor-section-height-default\" data-id=\"668310e\" data-element_type=\"section\" data-settings=\"{&quot;jet_parallax_layout_list&quot;:[],&quot;ekit_has_onepagescroll_dot&quot;:&quot;yes&quot;}\">\n\t\t\t\t\t\t<div class=\"elementor-container elementor-column-gap-default\">\n\t\t\t\t\t<div class=\"elementor-column elementor-col-100 elementor-top-column elementor-element elementor-element-9177639\" data-id=\"9177639\" data-element_type=\"column\">\n\t\t\t<div class=\"elementor-column-wrap--9177639 elementor-widget-wrap elementor-element-populated\">\n\t\t\t\t\t\t<div class=\"elementor-element elementor-element-939f6cd elementor-widget elementor-widget-spacer\" data-id=\"939f6cd\" data-element_type=\"widget\" data-settings=\"{&quot;ekit_we_effect_on&quot;:&quot;none&quot;}\" data-widget_type=\"spacer.default\">\n\t\t\t\t<div class=\"elementor-widget-container\">\n\t\t\t\t\t\t\t<div class=\"elementor-spacer\">\n\t\t\t<div class=\"elementor-spacer-inner\"><\/div>\n\t\t<\/div>\n\t\t\t\t\t\t<\/div>\n\t\t\t\t<\/div>\n\t\t\t\t\t<\/div>\n\t\t<\/div>\n\t\t\t\t\t<\/div>\n\t\t<\/section>\n\t\t\t\t<section class=\"elementor-section elementor-top-section elementor-element elementor-element-71c3d01 elementor-section-boxed elementor-section-height-default elementor-section-height-default\" data-id=\"71c3d01\" data-element_type=\"section\" data-settings=\"{&quot;jet_parallax_layout_list&quot;:[],&quot;ekit_has_onepagescroll_dot&quot;:&quot;yes&quot;}\">\n\t\t\t\t\t\t<div class=\"elementor-container elementor-column-gap-default\">\n\t\t\t\t\t<div class=\"elementor-column elementor-col-100 elementor-top-column elementor-element elementor-element-10ee707\" data-id=\"10ee707\" data-element_type=\"column\">\n\t\t\t<div class=\"elementor-column-wrap--10ee707 elementor-widget-wrap elementor-element-populated\">\n\t\t\t\t\t\t<div class=\"elementor-element elementor-element-4b5f9fb elementor-widget elementor-widget-text-editor\" data-id=\"4b5f9fb\" data-element_type=\"widget\" data-settings=\"{&quot;ekit_we_effect_on&quot;:&quot;none&quot;}\" data-widget_type=\"text-editor.default\">\n\t\t\t\t<div class=\"elementor-widget-container\">\n\t\t\t\t\t\t\t\t\t<p class=\"translation-block\"><span data-contrast=\"auto\">En la reuni\u00f3n participaron la <\/span><span data-contrast=\"none\">viceministra de Hidrocarburos y de Electricidad, Iris Marleni C\u00e1rdenas Pino, y el director general de la Direcci\u00f3n General de Eficiencia Energ\u00e9tica, Jos\u00e9 Neil Meza Segura. Por su parte, el equipo de Microsol estuvo liderado por su gerente general Yanna Gruel, acompa\u00f1ada por la coordinadora comercial y de Comunicaciones, Angelit Meza; tambi\u00e9n estuvo presente Pamela Castro, coordinadora de Programas ITMO y representante de Ruru Tarpuy, asociaci\u00f3n que, en colaboraci\u00f3n con Microsol, gestiona el Programa Tuki Wasi, primer programa de cocinas mejoradas del pa\u00eds en implementarse en el marco del Art\u00edculo 6.2 del Acuerdo de Par\u00eds.<\/span><span data-ccp-props=\"{&quot;134233117&quot;:false,&quot;134233118&quot;:false,&quot;201341983&quot;:0,&quot;335551550&quot;:6,&quot;335551620&quot;:6,&quot;335559685&quot;:0,&quot;335559737&quot;:0,&quot;335559738&quot;:0,&quot;335559739&quot;:160,&quot;335559740&quot;:279}\">&nbsp;<\/span><\/p>\t\t\t\t\t\t\t\t<\/div>\n\t\t\t\t<\/div>\n\t\t\t\t\t<\/div>\n\t\t<\/div>\n\t\t\t\t\t<\/div>\n\t\t<\/section>\n\t\t\t\t<section class=\"elementor-section elementor-top-section elementor-element elementor-element-907f768 elementor-section-boxed elementor-section-height-default elementor-section-height-default\" data-id=\"907f768\" data-element_type=\"section\" data-settings=\"{&quot;jet_parallax_layout_list&quot;:[],&quot;ekit_has_onepagescroll_dot&quot;:&quot;yes&quot;}\">\n\t\t\t\t\t\t<div class=\"elementor-container elementor-column-gap-default\">\n\t\t\t\t\t<div class=\"elementor-column elementor-col-100 elementor-top-column elementor-element elementor-element-feb8c57\" data-id=\"feb8c57\" data-element_type=\"column\">\n\t\t\t<div class=\"elementor-column-wrap--feb8c57 elementor-widget-wrap elementor-element-populated\">\n\t\t\t\t\t\t<div class=\"elementor-element elementor-element-7e220ac elementor-widget elementor-widget-image\" data-id=\"7e220ac\" data-element_type=\"widget\" data-settings=\"{&quot;ekit_we_effect_on&quot;:&quot;none&quot;}\" data-widget_type=\"image.default\">\n\t\t\t\t<div class=\"elementor-widget-container\">\n\t\t\t\t\t\t\t\t\t\t\t\t\t\t\t<img decoding=\"async\" width=\"1024\" height=\"682\" src=\"https:\/\/cloudmicrosol.com\/wp-content\/uploads\/2025\/07\/minem-2-1024x682.jpg\" class=\"attachment-large size-large wp-image-8337\" alt=\"\" srcset=\"https:\/\/cloudmicrosol.com\/wp-content\/uploads\/2025\/07\/minem-2-1024x682.jpg 1024w, https:\/\/cloudmicrosol.com\/wp-content\/uploads\/2025\/07\/minem-2-300x200.jpg 300w, https:\/\/cloudmicrosol.com\/wp-content\/uploads\/2025\/07\/minem-2-768x512.jpg 768w, https:\/\/cloudmicrosol.com\/wp-content\/uploads\/2025\/07\/minem-2-1536x1023.jpg 1536w, https:\/\/cloudmicrosol.com\/wp-content\/uploads\/2025\/07\/minem-2-18x12.jpg 18w, https:\/\/cloudmicrosol.com\/wp-content\/uploads\/2025\/07\/minem-2.jpg 1600w\" sizes=\"(max-width: 1024px) 100vw, 1024px\" \/>\t\t\t\t\t\t\t\t\t\t\t\t\t\t\t<\/div>\n\t\t\t\t<\/div>\n\t\t\t\t\t<\/div>\n\t\t<\/div>\n\t\t\t\t\t<\/div>\n\t\t<\/section>\n\t\t\t\t<\/div>","protected":false},"excerpt":{"rendered":"<p>Representantes de ambas organizaciones conversaron sobre el rol de las cocinas mejoradas para mitigar el impacto ambiental y reducir riesgos en salud.\u00a0 El lunes 14 de julio de 2025, el Ministerio de Energ\u00eda y Minas del Per\u00fa y nuestra organizaci\u00f3n se reunieron en las oficinas ministeriales para conversar sobre la experiencia de Microsol y la [&hellip;]<\/p>","protected":false},"author":9,"featured_media":8336,"comment_status":"closed","ping_status":"closed","sticky":false,"template":"","format":"standard","meta":{"_acf_changed":false,"footnotes":""},"categories":[7],"tags":[108,10,135,136,134],"class_list":["post-8334","post","type-post","status-publish","format-standard","has-post-thumbnail","hentry","category-notas-de-prensa","tag-coccion-limpia","tag-cocinas-mejoradas","tag-impacto-ambiental","tag-impacto-social","tag-salud"],"acf":[],"yoast_head":"<!-- This site is optimized with the Yoast SEO Premium plugin v23.5 (Yoast SEO v26.4) - https:\/\/yoast.com\/wordpress\/plugins\/seo\/ -->\n<title>MINEM y Microsol sostienen reuni\u00f3n sobre cocci\u00f3n limpia en el pa\u00eds<\/title>\n<meta name=\"description\" content=\"Representantes de ambas organizaciones conversaron sobre el rol de las cocinas mejoradas para mitigar el impacto ambiental y reducir riesgos en salud\" \/>\n<meta name=\"robots\" content=\"index, follow, max-snippet:-1, max-image-preview:large, max-video-preview:-1\" \/>\n<link rel=\"canonical\" href=\"https:\/\/microsol-int.com\/fr\/minem-y-microsol-sostienen-reunion-sobre-coccion-limpia-en-el-pais\/\" \/>\n<meta property=\"og:locale\" content=\"fr_FR\" \/>\n<meta property=\"og:type\" content=\"article\" \/>\n<meta property=\"og:title\" content=\"Ministerio de Energ\u00eda y Minas del Per\u00fa y Microsol sostienen reuni\u00f3n sobre cocci\u00f3n limpia en el pa\u00eds\" \/>\n<meta property=\"og:description\" content=\"Representantes de ambas organizaciones conversaron sobre el rol de las cocinas mejoradas para mitigar el impacto ambiental y reducir riesgos en salud\" \/>\n<meta property=\"og:url\" content=\"https:\/\/microsol-int.com\/fr\/minem-y-microsol-sostienen-reunion-sobre-coccion-limpia-en-el-pais\/\" \/>\n<meta property=\"og:site_name\" content=\"Microsol\" \/>\n<meta property=\"article:publisher\" content=\"https:\/\/www.facebook.com\/MICROSOLint\" \/>\n<meta property=\"article:published_time\" content=\"2025-07-15T17:44:30+00:00\" \/>\n<meta property=\"article:modified_time\" content=\"2025-07-15T17:46:26+00:00\" \/>\n<meta property=\"og:image\" content=\"https:\/\/microsol-int.com\/wp-content\/uploads\/2025\/07\/minem-1.jpg\" \/>\n\t<meta property=\"og:image:width\" content=\"1600\" \/>\n\t<meta property=\"og:image:height\" content=\"1066\" \/>\n\t<meta property=\"og:image:type\" content=\"image\/jpeg\" \/>\n<meta name=\"author\" content=\"Karla Colquichagua\" \/>\n<meta name=\"twitter:card\" content=\"summary_large_image\" \/>\n<meta name=\"twitter:creator\" content=\"@MicrosolPeru\" \/>\n<meta name=\"twitter:site\" content=\"@MicrosolPeru\" \/>\n<meta name=\"twitter:label1\" content=\"\u00c9crit par\" \/>\n\t<meta name=\"twitter:data1\" content=\"Karla Colquichagua\" \/>\n\t<meta name=\"twitter:label2\" content=\"Dur\u00e9e de lecture estim\u00e9e\" \/>\n\t<meta name=\"twitter:data2\" content=\"3 minutes\" \/>\n<script type=\"application\/ld+json\" class=\"yoast-schema-graph\">{\"@context\":\"https:\/\/schema.org\",\"@graph\":[{\"@type\":\"Article\",\"@id\":\"https:\/\/microsol-int.com\/minem-y-microsol-sostienen-reunion-sobre-coccion-limpia-en-el-pais\/#article\",\"isPartOf\":{\"@id\":\"https:\/\/microsol-int.com\/minem-y-microsol-sostienen-reunion-sobre-coccion-limpia-en-el-pais\/\"},\"author\":{\"name\":\"Karla Colquichagua\",\"@id\":\"https:\/\/microsol-int.com\/#\/schema\/person\/9705d52afb889dd1d167f7bf007d9201\"},\"headline\":\"Ministerio de Energ\u00eda y Minas del Per\u00fa y Microsol sostienen reuni\u00f3n sobre cocci\u00f3n limpia en el pa\u00eds\",\"datePublished\":\"2025-07-15T17:44:30+00:00\",\"dateModified\":\"2025-07-15T17:46:26+00:00\",\"mainEntityOfPage\":{\"@id\":\"https:\/\/microsol-int.com\/minem-y-microsol-sostienen-reunion-sobre-coccion-limpia-en-el-pais\/\"},\"wordCount\":503,\"publisher\":{\"@id\":\"https:\/\/microsol-int.com\/#organization\"},\"image\":{\"@id\":\"https:\/\/microsol-int.com\/minem-y-microsol-sostienen-reunion-sobre-coccion-limpia-en-el-pais\/#primaryimage\"},\"thumbnailUrl\":\"https:\/\/microsol-int.com\/wp-content\/uploads\/2025\/07\/minem-1.jpg\",\"keywords\":[\"Cocci\u00f3n limpia\",\"Cocinas mejoradas\",\"impacto ambiental\",\"impacto social\",\"salud\"],\"articleSection\":[\"Notas de prensa\"],\"inLanguage\":\"fr-FR\"},{\"@type\":\"WebPage\",\"@id\":\"https:\/\/microsol-int.com\/minem-y-microsol-sostienen-reunion-sobre-coccion-limpia-en-el-pais\/\",\"url\":\"https:\/\/microsol-int.com\/minem-y-microsol-sostienen-reunion-sobre-coccion-limpia-en-el-pais\/\",\"name\":\"MINEM y Microsol sostienen reuni\u00f3n sobre cocci\u00f3n limpia en el pa\u00eds\",\"isPartOf\":{\"@id\":\"https:\/\/microsol-int.com\/#website\"},\"primaryImageOfPage\":{\"@id\":\"https:\/\/microsol-int.com\/minem-y-microsol-sostienen-reunion-sobre-coccion-limpia-en-el-pais\/#primaryimage\"},\"image\":{\"@id\":\"https:\/\/microsol-int.com\/minem-y-microsol-sostienen-reunion-sobre-coccion-limpia-en-el-pais\/#primaryimage\"},\"thumbnailUrl\":\"https:\/\/microsol-int.com\/wp-content\/uploads\/2025\/07\/minem-1.jpg\",\"datePublished\":\"2025-07-15T17:44:30+00:00\",\"dateModified\":\"2025-07-15T17:46:26+00:00\",\"description\":\"Representantes de ambas organizaciones conversaron sobre el rol de las cocinas mejoradas para mitigar el impacto ambiental y reducir riesgos en salud\",\"breadcrumb\":{\"@id\":\"https:\/\/microsol-int.com\/minem-y-microsol-sostienen-reunion-sobre-coccion-limpia-en-el-pais\/#breadcrumb\"},\"inLanguage\":\"fr-FR\",\"potentialAction\":[{\"@type\":\"ReadAction\",\"target\":[\"https:\/\/microsol-int.com\/minem-y-microsol-sostienen-reunion-sobre-coccion-limpia-en-el-pais\/\"]}]},{\"@type\":\"ImageObject\",\"inLanguage\":\"fr-FR\",\"@id\":\"https:\/\/microsol-int.com\/minem-y-microsol-sostienen-reunion-sobre-coccion-limpia-en-el-pais\/#primaryimage\",\"url\":\"https:\/\/microsol-int.com\/wp-content\/uploads\/2025\/07\/minem-1.jpg\",\"contentUrl\":\"https:\/\/microsol-int.com\/wp-content\/uploads\/2025\/07\/minem-1.jpg\",\"width\":1600,\"height\":1066,\"caption\":\"MINEM y Microsol\"},{\"@type\":\"BreadcrumbList\",\"@id\":\"https:\/\/microsol-int.com\/minem-y-microsol-sostienen-reunion-sobre-coccion-limpia-en-el-pais\/#breadcrumb\",\"itemListElement\":[{\"@type\":\"ListItem\",\"position\":1,\"name\":\"Portada\",\"item\":\"https:\/\/microsol-int.com\/\"},{\"@type\":\"ListItem\",\"position\":2,\"name\":\"Ministerio de Energ\u00eda y Minas del Per\u00fa y Microsol sostienen reuni\u00f3n sobre cocci\u00f3n limpia en el pa\u00eds\"}]},{\"@type\":\"WebSite\",\"@id\":\"https:\/\/microsol-int.com\/#website\",\"url\":\"https:\/\/microsol-int.com\/\",\"name\":\"Microsol\",\"description\":\"Una fuente de energ\u00eda sostenible para familias que lo necesitan\",\"publisher\":{\"@id\":\"https:\/\/microsol-int.com\/#organization\"},\"potentialAction\":[{\"@type\":\"SearchAction\",\"target\":{\"@type\":\"EntryPoint\",\"urlTemplate\":\"https:\/\/microsol-int.com\/?s={search_term_string}\"},\"query-input\":{\"@type\":\"PropertyValueSpecification\",\"valueRequired\":true,\"valueName\":\"search_term_string\"}}],\"inLanguage\":\"fr-FR\"},{\"@type\":\"Organization\",\"@id\":\"https:\/\/microsol-int.com\/#organization\",\"name\":\"Microsol\",\"url\":\"https:\/\/microsol-int.com\/\",\"logo\":{\"@type\":\"ImageObject\",\"inLanguage\":\"fr-FR\",\"@id\":\"https:\/\/microsol-int.com\/#\/schema\/logo\/image\/\",\"url\":\"https:\/\/microsol-int.com\/wp-content\/uploads\/2022\/12\/logo.svg\",\"contentUrl\":\"https:\/\/microsol-int.com\/wp-content\/uploads\/2022\/12\/logo.svg\",\"width\":186,\"height\":85,\"caption\":\"Microsol\"},\"image\":{\"@id\":\"https:\/\/microsol-int.com\/#\/schema\/logo\/image\/\"},\"sameAs\":[\"https:\/\/www.facebook.com\/MICROSOLint\",\"https:\/\/x.com\/MicrosolPeru\",\"https:\/\/www.linkedin.com\/company\/microsol\",\"https:\/\/www.youtube.com\/user\/MICROSOLint\/\"]},{\"@type\":\"Person\",\"@id\":\"https:\/\/microsol-int.com\/#\/schema\/person\/9705d52afb889dd1d167f7bf007d9201\",\"name\":\"Karla Colquichagua\",\"image\":{\"@type\":\"ImageObject\",\"inLanguage\":\"fr-FR\",\"@id\":\"https:\/\/microsol-int.com\/#\/schema\/person\/image\/\",\"url\":\"https:\/\/secure.gravatar.com\/avatar\/b52ccf5806eb4ab4ed61b45f50d52c48cb7dbf9b28f35ef119b130dbfd739392?s=96&d=mm&r=g\",\"contentUrl\":\"https:\/\/secure.gravatar.com\/avatar\/b52ccf5806eb4ab4ed61b45f50d52c48cb7dbf9b28f35ef119b130dbfd739392?s=96&d=mm&r=g\",\"caption\":\"Karla Colquichagua\"}}]}<\/script>\n<!-- \/ Yoast SEO Premium plugin. -->","yoast_head_json":{"title":"MINEM y Microsol sostienen reuni\u00f3n sobre cocci\u00f3n limpia en el pa\u00eds","description":"Representantes de ambas organizaciones conversaron sobre el rol de las cocinas mejoradas para mitigar el impacto ambiental y reducir riesgos en salud","robots":{"index":"index","follow":"follow","max-snippet":"max-snippet:-1","max-image-preview":"max-image-preview:large","max-video-preview":"max-video-preview:-1"},"canonical":"https:\/\/microsol-int.com\/fr\/minem-y-microsol-sostienen-reunion-sobre-coccion-limpia-en-el-pais\/","og_locale":"fr_FR","og_type":"article","og_title":"Ministerio de Energ\u00eda y Minas del Per\u00fa y Microsol sostienen reuni\u00f3n sobre cocci\u00f3n limpia en el pa\u00eds","og_description":"Representantes de ambas organizaciones conversaron sobre el rol de las cocinas mejoradas para mitigar el impacto ambiental y reducir riesgos en salud","og_url":"https:\/\/microsol-int.com\/fr\/minem-y-microsol-sostienen-reunion-sobre-coccion-limpia-en-el-pais\/","og_site_name":"Microsol","article_publisher":"https:\/\/www.facebook.com\/MICROSOLint","article_published_time":"2025-07-15T17:44:30+00:00","article_modified_time":"2025-07-15T17:46:26+00:00","og_image":[{"width":1600,"height":1066,"url":"https:\/\/microsol-int.com\/wp-content\/uploads\/2025\/07\/minem-1.jpg","type":"image\/jpeg"}],"author":"Karla Colquichagua","twitter_card":"summary_large_image","twitter_creator":"@MicrosolPeru","twitter_site":"@MicrosolPeru","twitter_misc":{"\u00c9crit par":"Karla Colquichagua","Dur\u00e9e de lecture estim\u00e9e":"3 minutes"},"schema":{"@context":"https:\/\/schema.org","@graph":[{"@type":"Article","@id":"https:\/\/microsol-int.com\/minem-y-microsol-sostienen-reunion-sobre-coccion-limpia-en-el-pais\/#article","isPartOf":{"@id":"https:\/\/microsol-int.com\/minem-y-microsol-sostienen-reunion-sobre-coccion-limpia-en-el-pais\/"},"author":{"name":"Karla Colquichagua","@id":"https:\/\/microsol-int.com\/#\/schema\/person\/9705d52afb889dd1d167f7bf007d9201"},"headline":"Ministerio de Energ\u00eda y Minas del Per\u00fa y Microsol sostienen reuni\u00f3n sobre cocci\u00f3n limpia en el pa\u00eds","datePublished":"2025-07-15T17:44:30+00:00","dateModified":"2025-07-15T17:46:26+00:00","mainEntityOfPage":{"@id":"https:\/\/microsol-int.com\/minem-y-microsol-sostienen-reunion-sobre-coccion-limpia-en-el-pais\/"},"wordCount":503,"publisher":{"@id":"https:\/\/microsol-int.com\/#organization"},"image":{"@id":"https:\/\/microsol-int.com\/minem-y-microsol-sostienen-reunion-sobre-coccion-limpia-en-el-pais\/#primaryimage"},"thumbnailUrl":"https:\/\/microsol-int.com\/wp-content\/uploads\/2025\/07\/minem-1.jpg","keywords":["Cocci\u00f3n limpia","Cocinas mejoradas","impacto ambiental","impacto social","salud"],"articleSection":["Notas de prensa"],"inLanguage":"fr-FR"},{"@type":"WebPage","@id":"https:\/\/microsol-int.com\/minem-y-microsol-sostienen-reunion-sobre-coccion-limpia-en-el-pais\/","url":"https:\/\/microsol-int.com\/minem-y-microsol-sostienen-reunion-sobre-coccion-limpia-en-el-pais\/","name":"MINEM y Microsol sostienen reuni\u00f3n sobre cocci\u00f3n limpia en el pa\u00eds","isPartOf":{"@id":"https:\/\/microsol-int.com\/#website"},"primaryImageOfPage":{"@id":"https:\/\/microsol-int.com\/minem-y-microsol-sostienen-reunion-sobre-coccion-limpia-en-el-pais\/#primaryimage"},"image":{"@id":"https:\/\/microsol-int.com\/minem-y-microsol-sostienen-reunion-sobre-coccion-limpia-en-el-pais\/#primaryimage"},"thumbnailUrl":"https:\/\/microsol-int.com\/wp-content\/uploads\/2025\/07\/minem-1.jpg","datePublished":"2025-07-15T17:44:30+00:00","dateModified":"2025-07-15T17:46:26+00:00","description":"Representantes de ambas organizaciones conversaron sobre el rol de las cocinas mejoradas para mitigar el impacto ambiental y reducir riesgos en salud","breadcrumb":{"@id":"https:\/\/microsol-int.com\/minem-y-microsol-sostienen-reunion-sobre-coccion-limpia-en-el-pais\/#breadcrumb"},"inLanguage":"fr-FR","potentialAction":[{"@type":"ReadAction","target":["https:\/\/microsol-int.com\/minem-y-microsol-sostienen-reunion-sobre-coccion-limpia-en-el-pais\/"]}]},{"@type":"ImageObject","inLanguage":"fr-FR","@id":"https:\/\/microsol-int.com\/minem-y-microsol-sostienen-reunion-sobre-coccion-limpia-en-el-pais\/#primaryimage","url":"https:\/\/microsol-int.com\/wp-content\/uploads\/2025\/07\/minem-1.jpg","contentUrl":"https:\/\/microsol-int.com\/wp-content\/uploads\/2025\/07\/minem-1.jpg","width":1600,"height":1066,"caption":"MINEM y Microsol"},{"@type":"BreadcrumbList","@id":"https:\/\/microsol-int.com\/minem-y-microsol-sostienen-reunion-sobre-coccion-limpia-en-el-pais\/#breadcrumb","itemListElement":[{"@type":"ListItem","position":1,"name":"Portada","item":"https:\/\/microsol-int.com\/"},{"@type":"ListItem","position":2,"name":"Ministerio de Energ\u00eda y Minas del Per\u00fa y Microsol sostienen reuni\u00f3n sobre cocci\u00f3n limpia en el pa\u00eds"}]},{"@type":"WebSite","@id":"https:\/\/microsol-int.com\/#website","url":"https:\/\/microsol-int.com\/","name":"Microsol","description":"Une source d&#039;\u00e9nergie durable pour les familles dans le besoin","publisher":{"@id":"https:\/\/microsol-int.com\/#organization"},"potentialAction":[{"@type":"SearchAction","target":{"@type":"EntryPoint","urlTemplate":"https:\/\/microsol-int.com\/?s={search_term_string}"},"query-input":{"@type":"PropertyValueSpecification","valueRequired":true,"valueName":"search_term_string"}}],"inLanguage":"fr-FR"},{"@type":"Organization","@id":"https:\/\/microsol-int.com\/#organization","name":"Microsol","url":"https:\/\/microsol-int.com\/","logo":{"@type":"ImageObject","inLanguage":"fr-FR","@id":"https:\/\/microsol-int.com\/#\/schema\/logo\/image\/","url":"https:\/\/microsol-int.com\/wp-content\/uploads\/2022\/12\/logo.svg","contentUrl":"https:\/\/microsol-int.com\/wp-content\/uploads\/2022\/12\/logo.svg","width":186,"height":85,"caption":"Microsol"},"image":{"@id":"https:\/\/microsol-int.com\/#\/schema\/logo\/image\/"},"sameAs":["https:\/\/www.facebook.com\/MICROSOLint","https:\/\/x.com\/MicrosolPeru","https:\/\/www.linkedin.com\/company\/microsol","https:\/\/www.youtube.com\/user\/MICROSOLint\/"]},{"@type":"Person","@id":"https:\/\/microsol-int.com\/#\/schema\/person\/9705d52afb889dd1d167f7bf007d9201","name":"Karla Colquichagua","image":{"@type":"ImageObject","inLanguage":"fr-FR","@id":"https:\/\/microsol-int.com\/#\/schema\/person\/image\/","url":"https:\/\/secure.gravatar.com\/avatar\/b52ccf5806eb4ab4ed61b45f50d52c48cb7dbf9b28f35ef119b130dbfd739392?s=96&d=mm&r=g","contentUrl":"https:\/\/secure.gravatar.com\/avatar\/b52ccf5806eb4ab4ed61b45f50d52c48cb7dbf9b28f35ef119b130dbfd739392?s=96&d=mm&r=g","caption":"Karla Colquichagua"}}]}},"_links":{"self":[{"href":"https:\/\/microsol-int.com\/fr\/wp-json\/wp\/v2\/posts\/8334","targetHints":{"allow":["GET"]}}],"collection":[{"href":"https:\/\/microsol-int.com\/fr\/wp-json\/wp\/v2\/posts"}],"about":[{"href":"https:\/\/microsol-int.com\/fr\/wp-json\/wp\/v2\/types\/post"}],"author":[{"embeddable":true,"href":"https:\/\/microsol-int.com\/fr\/wp-json\/wp\/v2\/users\/9"}],"replies":[{"embeddable":true,"href":"https:\/\/microsol-int.com\/fr\/wp-json\/wp\/v2\/comments?post=8334"}],"version-history":[{"count":0,"href":"https:\/\/microsol-int.com\/fr\/wp-json\/wp\/v2\/posts\/8334\/revisions"}],"wp:featuredmedia":[{"embeddable":true,"href":"https:\/\/microsol-int.com\/fr\/wp-json\/wp\/v2\/media\/8336"}],"wp:attachment":[{"href":"https:\/\/microsol-int.com\/fr\/wp-json\/wp\/v2\/media?parent=8334"}],"wp:term":[{"taxonomy":"category","embeddable":true,"href":"https:\/\/microsol-int.com\/fr\/wp-json\/wp\/v2\/categories?post=8334"},{"taxonomy":"post_tag","embeddable":true,"href":"https:\/\/microsol-int.com\/fr\/wp-json\/wp\/v2\/tags?post=8334"}],"curies":[{"name":"wp","href":"https:\/\/api.w.org\/{rel}","templated":true}]}}