{"id":8173,"date":"2025-05-12T10:31:30","date_gmt":"2025-05-12T15:31:30","guid":{"rendered":"https:\/\/microsol-int.com\/?p=8173"},"modified":"2025-05-12T10:54:27","modified_gmt":"2025-05-12T15:54:27","slug":"pucp-y-microsol-celebran-convenio-marco-para-promover-la-formacion-y-el-dialogo-en-materia-climatica","status":"publish","type":"post","link":"https:\/\/microsol-int.com\/fr\/pucp-y-microsol-celebran-convenio-marco-para-promover-la-formacion-y-el-dialogo-en-materia-climatica\/","title":{"rendered":"PUCP y Microsol celebran convenio marco para promover la formaci\u00f3n y el di\u00e1logo en materia clim\u00e1tica"},"content":{"rendered":"<div data-elementor-type=\"wp-post\" data-elementor-id=\"8173\" class=\"elementor elementor-8173\" data-elementor-post-type=\"post\">\n\t\t\t\t\t\t<section class=\"elementor-section elementor-top-section elementor-element elementor-element-6f71e93 elementor-section-boxed elementor-section-height-default elementor-section-height-default\" data-id=\"6f71e93\" data-element_type=\"section\" data-settings=\"{&quot;jet_parallax_layout_list&quot;:[],&quot;ekit_has_onepagescroll_dot&quot;:&quot;yes&quot;}\">\n\t\t\t\t\t\t<div class=\"elementor-container elementor-column-gap-default\">\n\t\t\t\t\t<div class=\"elementor-column elementor-col-100 elementor-top-column elementor-element elementor-element-2ca8331\" data-id=\"2ca8331\" data-element_type=\"column\">\n\t\t\t<div class=\"elementor-column-wrap--2ca8331 elementor-widget-wrap elementor-element-populated\">\n\t\t\t\t\t\t<div class=\"elementor-element elementor-element-4fdb373 elementor-widget elementor-widget-text-editor\" data-id=\"4fdb373\" data-element_type=\"widget\" data-settings=\"{&quot;ekit_we_effect_on&quot;:&quot;none&quot;}\" data-widget_type=\"text-editor.default\">\n\t\t\t\t<div class=\"elementor-widget-container\">\n\t\t\t\t\t\t\t\t\t<p><i><span data-contrast=\"auto\">Ambas instituciones esperan llevar a cabo proyectos de mitigaci\u00f3n, adaptaci\u00f3n y energ\u00edas renovables<\/span><\/i><\/p>\t\t\t\t\t\t\t\t<\/div>\n\t\t\t\t<\/div>\n\t\t\t\t\t<\/div>\n\t\t<\/div>\n\t\t\t\t\t<\/div>\n\t\t<\/section>\n\t\t\t\t<section class=\"elementor-section elementor-top-section elementor-element elementor-element-ac6e9aa elementor-section-boxed elementor-section-height-default elementor-section-height-default\" data-id=\"ac6e9aa\" data-element_type=\"section\" data-settings=\"{&quot;jet_parallax_layout_list&quot;:[],&quot;ekit_has_onepagescroll_dot&quot;:&quot;yes&quot;}\">\n\t\t\t\t\t\t<div class=\"elementor-container elementor-column-gap-default\">\n\t\t\t\t\t<div class=\"elementor-column elementor-col-100 elementor-top-column elementor-element elementor-element-ceb5b13\" data-id=\"ceb5b13\" data-element_type=\"column\">\n\t\t\t<div class=\"elementor-column-wrap--ceb5b13 elementor-widget-wrap elementor-element-populated\">\n\t\t\t\t\t\t<div class=\"elementor-element elementor-element-3621c66 elementor-widget elementor-widget-text-editor\" data-id=\"3621c66\" data-element_type=\"widget\" data-settings=\"{&quot;ekit_we_effect_on&quot;:&quot;none&quot;}\" data-widget_type=\"text-editor.default\">\n\t\t\t\t<div class=\"elementor-widget-container\">\n\t\t\t\t\t\t\t\t\t<p><span data-contrast=\"auto\">El 25 de abril de 2025, en Lima, Microsol y la Pontificia Universidad Cat\u00f3lica del Per\u00fa (PUCP) firmaron un convenio marco que facilitar\u00e1 el desarrollo de iniciativas de innovaci\u00f3n, investigaci\u00f3n, formaci\u00f3n y di\u00e1logo, relacionadas con la mitigaci\u00f3n y la adaptaci\u00f3n al cambio clim\u00e1tico.<\/span><span data-ccp-props=\"{&quot;134233117&quot;:false,&quot;134233118&quot;:false,&quot;201341983&quot;:0,&quot;335551550&quot;:1,&quot;335551620&quot;:1,&quot;335559685&quot;:0,&quot;335559737&quot;:0,&quot;335559738&quot;:0,&quot;335559739&quot;:160,&quot;335559740&quot;:279}\">\u00a0<\/span><\/p><p><span data-contrast=\"auto\">Los representantes de ambas organizaciones establecieron la hoja de ruta para la labor conjunta en el marco de este acuerdo y definieron los alcances de este con el objetivo de potenciar sus acciones en formaci\u00f3n y gesti\u00f3n en materia clim\u00e1tica.<\/span><span data-ccp-props=\"{&quot;134233117&quot;:false,&quot;134233118&quot;:false,&quot;201341983&quot;:0,&quot;335551550&quot;:1,&quot;335551620&quot;:1,&quot;335559685&quot;:0,&quot;335559737&quot;:0,&quot;335559738&quot;:0,&quot;335559739&quot;:160,&quot;335559740&quot;:279}\">\u00a0<\/span><\/p><p><span data-contrast=\"auto\">Como parte de este objetivo, se impulsar\u00e1 la creaci\u00f3n de <\/span><span data-contrast=\"none\">mesas de di\u00e1logo multiactorales e interinstitucionales, incluyendo a representantes del sector p\u00fablico y privado, en torno a mitigaci\u00f3n y adaptaci\u00f3n del cambio clim\u00e1tico, reducci\u00f3n de Gases de Efecto Invernadero (GEI), energ\u00eda renovable, sistemas de cocci\u00f3n limpia y sostenibilidad social, ambiental y t\u00e9cnica. Adem\u00e1s, <\/span><span data-contrast=\"none\">se desarrollar\u00e1n proyectos de investigaci\u00f3n e innovaci\u00f3n y programas formativos sobre las tem\u00e1ticas mencionadas, para fortalecer las capacidades y conocimientos de los profesionales del pa\u00eds relacionados con el sector ambiental.<\/span><span data-ccp-props=\"{&quot;134233117&quot;:false,&quot;134233118&quot;:false,&quot;201341983&quot;:0,&quot;335551550&quot;:1,&quot;335551620&quot;:1,&quot;335559685&quot;:0,&quot;335559737&quot;:0,&quot;335559738&quot;:0,&quot;335559739&quot;:160,&quot;335559740&quot;:279}\">\u00a0<\/span><\/p>\t\t\t\t\t\t\t\t<\/div>\n\t\t\t\t<\/div>\n\t\t\t\t\t<\/div>\n\t\t<\/div>\n\t\t\t\t\t<\/div>\n\t\t<\/section>\n\t\t\t\t<section class=\"elementor-section elementor-top-section elementor-element elementor-element-c433f1a elementor-section-boxed elementor-section-height-default elementor-section-height-default\" data-id=\"c433f1a\" data-element_type=\"section\" data-settings=\"{&quot;jet_parallax_layout_list&quot;:[],&quot;ekit_has_onepagescroll_dot&quot;:&quot;yes&quot;}\">\n\t\t\t\t\t\t<div class=\"elementor-container elementor-column-gap-default\">\n\t\t\t\t\t<div class=\"elementor-column elementor-col-100 elementor-top-column elementor-element elementor-element-2440932\" data-id=\"2440932\" data-element_type=\"column\">\n\t\t\t<div class=\"elementor-column-wrap--2440932 elementor-widget-wrap elementor-element-populated\">\n\t\t\t\t\t\t<div class=\"elementor-element elementor-element-b331c79 elementor-widget elementor-widget-text-editor\" data-id=\"b331c79\" data-element_type=\"widget\" data-settings=\"{&quot;ekit_we_effect_on&quot;:&quot;none&quot;}\" data-widget_type=\"text-editor.default\">\n\t\t\t\t<div class=\"elementor-widget-container\">\n\t\t\t\t\t\t\t\t\t<h5><strong>\u00c0 propos de Microsol\u00a0<\/strong><\/h5><p class=\"translation-block\"><span class=\"TextRun SCXW61466089 BCX2\" lang=\"ES-ES\" xml:lang=\"ES-ES\" data-contrast=\"none\"><span class=\"NormalTextRun CommentStart SCXW61466089 BCX2\">MICROSOL <\/span><\/span><span class=\"TextRun SCXW61466089 BCX2\" lang=\"ES-ES\" xml:lang=\"ES-ES\" data-contrast=\"auto\"><span class=\"NormalTextRun SCXW61466089 BCX2\">es una empresa social franco-peruana que desarrolla <\/span><span style=\"color: #33cccc;\"><a style=\"color: #33cccc;\" href=\"https:\/\/microsol-int.com\/fr\/programmes\/\" target=\"_self\"><span class=\"NormalTextRun SCXW61466089 BCX2\">programas de tecnolog\u00edas limpias<\/span><\/a><\/span> <span class=\"NormalTextRun SCXW61466089 BCX2\">para ayudar a las comunidades rurales<\/span><span class=\"NormalTextRun SCXW61466089 BCX2\"> de Am\u00e9rica Latina<\/span> <span class=\"NormalTextRun SCXW61466089 BCX2\">a enfrentar los desaf\u00edos del cambio clim\u00e1tico. <\/span><\/span><span class=\"TextRun SCXW61466089 BCX2\" lang=\"ES-ES\" xml:lang=\"ES-ES\" data-contrast=\"auto\"><span class=\"NormalTextRun SCXW61466089 BCX2\">Desde 2008, ha creado programas de mitigaci\u00f3n asegurando su sostenibilidad a trav\u00e9s de la certificaci\u00f3n de carbono en el Mercado Voluntario y mecanismos de transferencia de resultados de mitigaci\u00f3n bajo el Art\u00edculo 6 del Acuerdo de Par\u00eds. Trabaja con est\u00e1ndares rigurosos que monitorean tanto la reducci\u00f3n de emisiones de gases de efecto invernadero (GEI) como las contribuciones <\/span><span class=\"NormalTextRun SCXW61466089 BCX2\">de sus programas <\/span><span class=\"NormalTextRun SCXW61466089 BCX2\">al alcance de los Obje<\/span><span class=\"NormalTextRun SCXW61466089 BCX2\">tivos de Desarrollo Sostenible<\/span><span class=\"NormalTextRun SCXW61466089 BCX2\">. Adem\u00e1s, ofrece consultor\u00eda y asistencia t\u00e9cnica en mitigaci\u00f3n del cambio clim\u00e1tico, acceso a energ\u00eda, promoci\u00f3n de la salud, monitoreo y evaluaci\u00f3n de proyectos, y microfinanzas.<\/span><\/span><\/p>\t\t\t\t\t\t\t\t<\/div>\n\t\t\t\t<\/div>\n\t\t\t\t\t<\/div>\n\t\t<\/div>\n\t\t\t\t\t<\/div>\n\t\t<\/section>\n\t\t\t\t<section class=\"elementor-section elementor-top-section elementor-element elementor-element-22390c8 elementor-section-boxed elementor-section-height-default elementor-section-height-default\" data-id=\"22390c8\" data-element_type=\"section\" data-settings=\"{&quot;jet_parallax_layout_list&quot;:[],&quot;ekit_has_onepagescroll_dot&quot;:&quot;yes&quot;}\">\n\t\t\t\t\t\t<div class=\"elementor-container elementor-column-gap-default\">\n\t\t\t\t\t<div class=\"elementor-column elementor-col-100 elementor-top-column elementor-element elementor-element-4d98a10\" data-id=\"4d98a10\" data-element_type=\"column\">\n\t\t\t<div class=\"elementor-column-wrap--4d98a10 elementor-widget-wrap elementor-element-populated\">\n\t\t\t\t\t\t<div class=\"elementor-element elementor-element-af16c61 elementor-widget elementor-widget-text-editor\" data-id=\"af16c61\" data-element_type=\"widget\" data-settings=\"{&quot;ekit_we_effect_on&quot;:&quot;none&quot;}\" data-widget_type=\"text-editor.default\">\n\t\t\t\t<div class=\"elementor-widget-container\">\n\t\t\t\t\t\t\t\t\t<h5><strong>Sobre la PUCP<\/strong><\/h5><p class=\"translation-block\"><span data-contrast=\"none\">La <span style=\"color: #33cccc;\"><a style=\"color: #33cccc;\" href=\"https:\/\/www.pucp.edu.pe\/\" target=\"_self\">PUCP <\/a><\/span><\/span><span data-contrast=\"auto\">es una instituci\u00f3n destinada a impartir educaci\u00f3n superior, promover la investigaci\u00f3n y proyectarse a la comunidad a fin de contribuir al desarrollo nacional, ofreciendo una formaci\u00f3n humanista, cient\u00edfica, integral e innovadora reconocida nacional e internacionalmente. Sus actividades est\u00e1n alineadas por principios \u00e9ticos, democr\u00e1ticos y cat\u00f3licos para servir a la sociedad y transformar la realidad al servicio del desarrollo humano sostenible del Per\u00fa y la regi\u00f3n. Se rige por los art\u00edculos pertinentes de la Constituci\u00f3n Pol\u00edtica del Per\u00fa, por la Ley Universitaria 30220, por su Estatuto y por sus propios reglamentos.<\/span><span data-ccp-props=\"{&quot;134233117&quot;:false,&quot;134233118&quot;:false,&quot;201341983&quot;:0,&quot;335551550&quot;:1,&quot;335551620&quot;:1,&quot;335559685&quot;:0,&quot;335559737&quot;:0,&quot;335559738&quot;:0,&quot;335559739&quot;:160,&quot;335559740&quot;:279}\">&nbsp;<\/span><\/p>\t\t\t\t\t\t\t\t<\/div>\n\t\t\t\t<\/div>\n\t\t\t\t\t<\/div>\n\t\t<\/div>\n\t\t\t\t\t<\/div>\n\t\t<\/section>\n\t\t\t\t<section class=\"elementor-section elementor-top-section elementor-element elementor-element-58077ed elementor-section-boxed elementor-section-height-default elementor-section-height-default\" data-id=\"58077ed\" data-element_type=\"section\" data-settings=\"{&quot;jet_parallax_layout_list&quot;:[],&quot;ekit_has_onepagescroll_dot&quot;:&quot;yes&quot;}\">\n\t\t\t\t\t\t<div class=\"elementor-container elementor-column-gap-default\">\n\t\t\t\t\t<div class=\"elementor-column elementor-col-100 elementor-top-column elementor-element elementor-element-97f7298\" data-id=\"97f7298\" data-element_type=\"column\">\n\t\t\t<div class=\"elementor-column-wrap--97f7298 elementor-widget-wrap elementor-element-populated\">\n\t\t\t\t\t\t<div class=\"elementor-element elementor-element-da0aad2 elementor-widget elementor-widget-spacer\" data-id=\"da0aad2\" data-element_type=\"widget\" data-settings=\"{&quot;ekit_we_effect_on&quot;:&quot;none&quot;}\" data-widget_type=\"spacer.default\">\n\t\t\t\t<div class=\"elementor-widget-container\">\n\t\t\t\t\t\t\t<div class=\"elementor-spacer\">\n\t\t\t<div class=\"elementor-spacer-inner\"><\/div>\n\t\t<\/div>\n\t\t\t\t\t\t<\/div>\n\t\t\t\t<\/div>\n\t\t\t\t\t<\/div>\n\t\t<\/div>\n\t\t\t\t\t<\/div>\n\t\t<\/section>\n\t\t\t\t<\/div>","protected":false},"excerpt":{"rendered":"<p>Ambas instituciones esperan llevar a cabo proyectos de mitigaci\u00f3n, adaptaci\u00f3n y energ\u00edas renovables El 25 de abril de 2025, en Lima, Microsol y la Pontificia Universidad Cat\u00f3lica del Per\u00fa (PUCP) firmaron un convenio marco que facilitar\u00e1 el desarrollo de iniciativas de innovaci\u00f3n, investigaci\u00f3n, formaci\u00f3n y di\u00e1logo, relacionadas con la mitigaci\u00f3n y la adaptaci\u00f3n al cambio [&hellip;]<\/p>","protected":false},"author":9,"featured_media":8178,"comment_status":"closed","ping_status":"closed","sticky":false,"template":"","format":"standard","meta":{"_acf_changed":false,"footnotes":""},"categories":[7],"tags":[124,130,132,131],"class_list":["post-8173","post","type-post","status-publish","format-standard","has-post-thumbnail","hentry","category-notas-de-prensa","tag-alianzas","tag-convenio-marco","tag-formacion","tag-investigacion-y-desarrollo"],"acf":[],"yoast_head":"<!-- This site is optimized with the Yoast SEO Premium plugin v23.5 (Yoast SEO v26.4) - https:\/\/yoast.com\/wordpress\/plugins\/seo\/ -->\n<title>PUCP y Microsol celebran convenio marco<\/title>\n<meta name=\"description\" content=\"El 25 de abril de 2025, en Lima, Microsol y la Pontificia Universidad Cat\u00f3lica del Per\u00fa (PUCP) firmaron un convenio marco que facilitar\u00e1 el desarrollo de iniciativas de innovaci\u00f3n, investigaci\u00f3n, formaci\u00f3n y di\u00e1logo, relacionadas con la mitigaci\u00f3n y la adaptaci\u00f3n al cambio clim\u00e1tico.sol y la Universidad Nacional Agraria La Molina (UNALM) firmaron un convenio marco para trabajar conjuntamente en la promoci\u00f3n de proyectos de investigaci\u00f3n, desarrollo, emprendimientos e innovaci\u00f3n en mitigaci\u00f3n del cambio clim\u00e1tico en el Per\u00fa.\" \/>\n<meta name=\"robots\" content=\"index, follow, max-snippet:-1, max-image-preview:large, max-video-preview:-1\" \/>\n<link rel=\"canonical\" href=\"https:\/\/microsol-int.com\/fr\/pucp-y-microsol-celebran-convenio-marco-para-promover-la-formacion-y-el-dialogo-en-materia-climatica\/\" \/>\n<meta property=\"og:locale\" content=\"fr_FR\" \/>\n<meta property=\"og:type\" content=\"article\" \/>\n<meta property=\"og:title\" content=\"PUCP y Microsol celebran convenio marco para promover la formaci\u00f3n y el di\u00e1logo en materia clim\u00e1tica\" \/>\n<meta property=\"og:description\" content=\"El 25 de abril de 2025, en Lima, Microsol y la Pontificia Universidad Cat\u00f3lica del Per\u00fa (PUCP) firmaron un convenio marco que facilitar\u00e1 el desarrollo de iniciativas de innovaci\u00f3n, investigaci\u00f3n, formaci\u00f3n y di\u00e1logo, relacionadas con la mitigaci\u00f3n y la adaptaci\u00f3n al cambio clim\u00e1tico.sol y la Universidad Nacional Agraria La Molina (UNALM) firmaron un convenio marco para trabajar conjuntamente en la promoci\u00f3n de proyectos de investigaci\u00f3n, desarrollo, emprendimientos e innovaci\u00f3n en mitigaci\u00f3n del cambio clim\u00e1tico en el Per\u00fa.\" \/>\n<meta property=\"og:url\" content=\"https:\/\/microsol-int.com\/fr\/pucp-y-microsol-celebran-convenio-marco-para-promover-la-formacion-y-el-dialogo-en-materia-climatica\/\" \/>\n<meta property=\"og:site_name\" content=\"Microsol\" \/>\n<meta property=\"article:publisher\" content=\"https:\/\/www.facebook.com\/MICROSOLint\" \/>\n<meta property=\"article:published_time\" content=\"2025-05-12T15:31:30+00:00\" \/>\n<meta property=\"article:modified_time\" content=\"2025-05-12T15:54:27+00:00\" \/>\n<meta property=\"og:image\" content=\"https:\/\/microsol-int.com\/wp-content\/uploads\/2025\/05\/foto-convenio-pucp-scaled.jpg\" \/>\n\t<meta property=\"og:image:width\" content=\"2560\" \/>\n\t<meta property=\"og:image:height\" content=\"1494\" \/>\n\t<meta property=\"og:image:type\" content=\"image\/jpeg\" \/>\n<meta name=\"author\" content=\"Karla Colquichagua\" \/>\n<meta name=\"twitter:card\" content=\"summary_large_image\" \/>\n<meta name=\"twitter:creator\" content=\"@MicrosolPeru\" \/>\n<meta name=\"twitter:site\" content=\"@MicrosolPeru\" \/>\n<meta name=\"twitter:label1\" content=\"\u00c9crit par\" \/>\n\t<meta name=\"twitter:data1\" content=\"Karla Colquichagua\" \/>\n\t<meta name=\"twitter:label2\" content=\"Dur\u00e9e de lecture estim\u00e9e\" \/>\n\t<meta name=\"twitter:data2\" content=\"3 minutes\" \/>\n<script type=\"application\/ld+json\" class=\"yoast-schema-graph\">{\"@context\":\"https:\/\/schema.org\",\"@graph\":[{\"@type\":\"Article\",\"@id\":\"https:\/\/microsol-int.com\/pucp-y-microsol-celebran-convenio-marco-para-promover-la-formacion-y-el-dialogo-en-materia-climatica\/#article\",\"isPartOf\":{\"@id\":\"https:\/\/microsol-int.com\/pucp-y-microsol-celebran-convenio-marco-para-promover-la-formacion-y-el-dialogo-en-materia-climatica\/\"},\"author\":{\"name\":\"Karla Colquichagua\",\"@id\":\"https:\/\/microsol-int.com\/#\/schema\/person\/9705d52afb889dd1d167f7bf007d9201\"},\"headline\":\"PUCP y Microsol celebran convenio marco para promover la formaci\u00f3n y el di\u00e1logo en materia clim\u00e1tica\",\"datePublished\":\"2025-05-12T15:31:30+00:00\",\"dateModified\":\"2025-05-12T15:54:27+00:00\",\"mainEntityOfPage\":{\"@id\":\"https:\/\/microsol-int.com\/pucp-y-microsol-celebran-convenio-marco-para-promover-la-formacion-y-el-dialogo-en-materia-climatica\/\"},\"wordCount\":473,\"publisher\":{\"@id\":\"https:\/\/microsol-int.com\/#organization\"},\"image\":{\"@id\":\"https:\/\/microsol-int.com\/pucp-y-microsol-celebran-convenio-marco-para-promover-la-formacion-y-el-dialogo-en-materia-climatica\/#primaryimage\"},\"thumbnailUrl\":\"https:\/\/microsol-int.com\/wp-content\/uploads\/2025\/05\/foto-convenio-pucp-scaled.jpg\",\"keywords\":[\"alianzas\",\"convenio marco\",\"formaci\u00f3n\",\"investigaci\u00f3n y desarrollo\"],\"articleSection\":[\"Notas de prensa\"],\"inLanguage\":\"fr-FR\"},{\"@type\":\"WebPage\",\"@id\":\"https:\/\/microsol-int.com\/pucp-y-microsol-celebran-convenio-marco-para-promover-la-formacion-y-el-dialogo-en-materia-climatica\/\",\"url\":\"https:\/\/microsol-int.com\/pucp-y-microsol-celebran-convenio-marco-para-promover-la-formacion-y-el-dialogo-en-materia-climatica\/\",\"name\":\"PUCP y Microsol celebran convenio marco\",\"isPartOf\":{\"@id\":\"https:\/\/microsol-int.com\/#website\"},\"primaryImageOfPage\":{\"@id\":\"https:\/\/microsol-int.com\/pucp-y-microsol-celebran-convenio-marco-para-promover-la-formacion-y-el-dialogo-en-materia-climatica\/#primaryimage\"},\"image\":{\"@id\":\"https:\/\/microsol-int.com\/pucp-y-microsol-celebran-convenio-marco-para-promover-la-formacion-y-el-dialogo-en-materia-climatica\/#primaryimage\"},\"thumbnailUrl\":\"https:\/\/microsol-int.com\/wp-content\/uploads\/2025\/05\/foto-convenio-pucp-scaled.jpg\",\"datePublished\":\"2025-05-12T15:31:30+00:00\",\"dateModified\":\"2025-05-12T15:54:27+00:00\",\"description\":\"El 25 de abril de 2025, en Lima, Microsol y la Pontificia Universidad Cat\u00f3lica del Per\u00fa (PUCP) firmaron un convenio marco que facilitar\u00e1 el desarrollo de iniciativas de innovaci\u00f3n, investigaci\u00f3n, formaci\u00f3n y di\u00e1logo, relacionadas con la mitigaci\u00f3n y la adaptaci\u00f3n al cambio clim\u00e1tico.sol y la Universidad Nacional Agraria La Molina (UNALM) firmaron un convenio marco para trabajar conjuntamente en la promoci\u00f3n de proyectos de investigaci\u00f3n, desarrollo, emprendimientos e innovaci\u00f3n en mitigaci\u00f3n del cambio clim\u00e1tico en el Per\u00fa.\",\"breadcrumb\":{\"@id\":\"https:\/\/microsol-int.com\/pucp-y-microsol-celebran-convenio-marco-para-promover-la-formacion-y-el-dialogo-en-materia-climatica\/#breadcrumb\"},\"inLanguage\":\"fr-FR\",\"potentialAction\":[{\"@type\":\"ReadAction\",\"target\":[\"https:\/\/microsol-int.com\/pucp-y-microsol-celebran-convenio-marco-para-promover-la-formacion-y-el-dialogo-en-materia-climatica\/\"]}]},{\"@type\":\"ImageObject\",\"inLanguage\":\"fr-FR\",\"@id\":\"https:\/\/microsol-int.com\/pucp-y-microsol-celebran-convenio-marco-para-promover-la-formacion-y-el-dialogo-en-materia-climatica\/#primaryimage\",\"url\":\"https:\/\/microsol-int.com\/wp-content\/uploads\/2025\/05\/foto-convenio-pucp-scaled.jpg\",\"contentUrl\":\"https:\/\/microsol-int.com\/wp-content\/uploads\/2025\/05\/foto-convenio-pucp-scaled.jpg\",\"width\":2560,\"height\":1494},{\"@type\":\"BreadcrumbList\",\"@id\":\"https:\/\/microsol-int.com\/pucp-y-microsol-celebran-convenio-marco-para-promover-la-formacion-y-el-dialogo-en-materia-climatica\/#breadcrumb\",\"itemListElement\":[{\"@type\":\"ListItem\",\"position\":1,\"name\":\"Portada\",\"item\":\"https:\/\/microsol-int.com\/\"},{\"@type\":\"ListItem\",\"position\":2,\"name\":\"PUCP y Microsol celebran convenio marco para promover la formaci\u00f3n y el di\u00e1logo en materia clim\u00e1tica\"}]},{\"@type\":\"WebSite\",\"@id\":\"https:\/\/microsol-int.com\/#website\",\"url\":\"https:\/\/microsol-int.com\/\",\"name\":\"Microsol\",\"description\":\"Una fuente de energ\u00eda sostenible para familias que lo necesitan\",\"publisher\":{\"@id\":\"https:\/\/microsol-int.com\/#organization\"},\"potentialAction\":[{\"@type\":\"SearchAction\",\"target\":{\"@type\":\"EntryPoint\",\"urlTemplate\":\"https:\/\/microsol-int.com\/?s={search_term_string}\"},\"query-input\":{\"@type\":\"PropertyValueSpecification\",\"valueRequired\":true,\"valueName\":\"search_term_string\"}}],\"inLanguage\":\"fr-FR\"},{\"@type\":\"Organization\",\"@id\":\"https:\/\/microsol-int.com\/#organization\",\"name\":\"Microsol\",\"url\":\"https:\/\/microsol-int.com\/\",\"logo\":{\"@type\":\"ImageObject\",\"inLanguage\":\"fr-FR\",\"@id\":\"https:\/\/microsol-int.com\/#\/schema\/logo\/image\/\",\"url\":\"https:\/\/microsol-int.com\/wp-content\/uploads\/2022\/12\/logo.svg\",\"contentUrl\":\"https:\/\/microsol-int.com\/wp-content\/uploads\/2022\/12\/logo.svg\",\"width\":186,\"height\":85,\"caption\":\"Microsol\"},\"image\":{\"@id\":\"https:\/\/microsol-int.com\/#\/schema\/logo\/image\/\"},\"sameAs\":[\"https:\/\/www.facebook.com\/MICROSOLint\",\"https:\/\/x.com\/MicrosolPeru\",\"https:\/\/www.linkedin.com\/company\/microsol\",\"https:\/\/www.youtube.com\/user\/MICROSOLint\/\"]},{\"@type\":\"Person\",\"@id\":\"https:\/\/microsol-int.com\/#\/schema\/person\/9705d52afb889dd1d167f7bf007d9201\",\"name\":\"Karla Colquichagua\",\"image\":{\"@type\":\"ImageObject\",\"inLanguage\":\"fr-FR\",\"@id\":\"https:\/\/microsol-int.com\/#\/schema\/person\/image\/\",\"url\":\"https:\/\/secure.gravatar.com\/avatar\/b52ccf5806eb4ab4ed61b45f50d52c48cb7dbf9b28f35ef119b130dbfd739392?s=96&d=mm&r=g\",\"contentUrl\":\"https:\/\/secure.gravatar.com\/avatar\/b52ccf5806eb4ab4ed61b45f50d52c48cb7dbf9b28f35ef119b130dbfd739392?s=96&d=mm&r=g\",\"caption\":\"Karla Colquichagua\"}}]}<\/script>\n<!-- \/ Yoast SEO Premium plugin. -->","yoast_head_json":{"title":"PUCP y Microsol celebran convenio marco","description":"El 25 de abril de 2025, en Lima, Microsol y la Pontificia Universidad Cat\u00f3lica del Per\u00fa (PUCP) firmaron un convenio marco que facilitar\u00e1 el desarrollo de iniciativas de innovaci\u00f3n, investigaci\u00f3n, formaci\u00f3n y di\u00e1logo, relacionadas con la mitigaci\u00f3n y la adaptaci\u00f3n al cambio clim\u00e1tico.sol y la Universidad Nacional Agraria La Molina (UNALM) firmaron un convenio marco para trabajar conjuntamente en la promoci\u00f3n de proyectos de investigaci\u00f3n, desarrollo, emprendimientos e innovaci\u00f3n en mitigaci\u00f3n del cambio clim\u00e1tico en el Per\u00fa.","robots":{"index":"index","follow":"follow","max-snippet":"max-snippet:-1","max-image-preview":"max-image-preview:large","max-video-preview":"max-video-preview:-1"},"canonical":"https:\/\/microsol-int.com\/fr\/pucp-y-microsol-celebran-convenio-marco-para-promover-la-formacion-y-el-dialogo-en-materia-climatica\/","og_locale":"fr_FR","og_type":"article","og_title":"PUCP y Microsol celebran convenio marco para promover la formaci\u00f3n y el di\u00e1logo en materia clim\u00e1tica","og_description":"El 25 de abril de 2025, en Lima, Microsol y la Pontificia Universidad Cat\u00f3lica del Per\u00fa (PUCP) firmaron un convenio marco que facilitar\u00e1 el desarrollo de iniciativas de innovaci\u00f3n, investigaci\u00f3n, formaci\u00f3n y di\u00e1logo, relacionadas con la mitigaci\u00f3n y la adaptaci\u00f3n al cambio clim\u00e1tico.sol y la Universidad Nacional Agraria La Molina (UNALM) firmaron un convenio marco para trabajar conjuntamente en la promoci\u00f3n de proyectos de investigaci\u00f3n, desarrollo, emprendimientos e innovaci\u00f3n en mitigaci\u00f3n del cambio clim\u00e1tico en el Per\u00fa.","og_url":"https:\/\/microsol-int.com\/fr\/pucp-y-microsol-celebran-convenio-marco-para-promover-la-formacion-y-el-dialogo-en-materia-climatica\/","og_site_name":"Microsol","article_publisher":"https:\/\/www.facebook.com\/MICROSOLint","article_published_time":"2025-05-12T15:31:30+00:00","article_modified_time":"2025-05-12T15:54:27+00:00","og_image":[{"width":2560,"height":1494,"url":"https:\/\/microsol-int.com\/wp-content\/uploads\/2025\/05\/foto-convenio-pucp-scaled.jpg","type":"image\/jpeg"}],"author":"Karla Colquichagua","twitter_card":"summary_large_image","twitter_creator":"@MicrosolPeru","twitter_site":"@MicrosolPeru","twitter_misc":{"\u00c9crit par":"Karla Colquichagua","Dur\u00e9e de lecture estim\u00e9e":"3 minutes"},"schema":{"@context":"https:\/\/schema.org","@graph":[{"@type":"Article","@id":"https:\/\/microsol-int.com\/pucp-y-microsol-celebran-convenio-marco-para-promover-la-formacion-y-el-dialogo-en-materia-climatica\/#article","isPartOf":{"@id":"https:\/\/microsol-int.com\/pucp-y-microsol-celebran-convenio-marco-para-promover-la-formacion-y-el-dialogo-en-materia-climatica\/"},"author":{"name":"Karla Colquichagua","@id":"https:\/\/microsol-int.com\/#\/schema\/person\/9705d52afb889dd1d167f7bf007d9201"},"headline":"PUCP y Microsol celebran convenio marco para promover la formaci\u00f3n y el di\u00e1logo en materia clim\u00e1tica","datePublished":"2025-05-12T15:31:30+00:00","dateModified":"2025-05-12T15:54:27+00:00","mainEntityOfPage":{"@id":"https:\/\/microsol-int.com\/pucp-y-microsol-celebran-convenio-marco-para-promover-la-formacion-y-el-dialogo-en-materia-climatica\/"},"wordCount":473,"publisher":{"@id":"https:\/\/microsol-int.com\/#organization"},"image":{"@id":"https:\/\/microsol-int.com\/pucp-y-microsol-celebran-convenio-marco-para-promover-la-formacion-y-el-dialogo-en-materia-climatica\/#primaryimage"},"thumbnailUrl":"https:\/\/microsol-int.com\/wp-content\/uploads\/2025\/05\/foto-convenio-pucp-scaled.jpg","keywords":["alianzas","convenio marco","formaci\u00f3n","investigaci\u00f3n y desarrollo"],"articleSection":["Notas de prensa"],"inLanguage":"fr-FR"},{"@type":"WebPage","@id":"https:\/\/microsol-int.com\/pucp-y-microsol-celebran-convenio-marco-para-promover-la-formacion-y-el-dialogo-en-materia-climatica\/","url":"https:\/\/microsol-int.com\/pucp-y-microsol-celebran-convenio-marco-para-promover-la-formacion-y-el-dialogo-en-materia-climatica\/","name":"PUCP y Microsol celebran convenio marco","isPartOf":{"@id":"https:\/\/microsol-int.com\/#website"},"primaryImageOfPage":{"@id":"https:\/\/microsol-int.com\/pucp-y-microsol-celebran-convenio-marco-para-promover-la-formacion-y-el-dialogo-en-materia-climatica\/#primaryimage"},"image":{"@id":"https:\/\/microsol-int.com\/pucp-y-microsol-celebran-convenio-marco-para-promover-la-formacion-y-el-dialogo-en-materia-climatica\/#primaryimage"},"thumbnailUrl":"https:\/\/microsol-int.com\/wp-content\/uploads\/2025\/05\/foto-convenio-pucp-scaled.jpg","datePublished":"2025-05-12T15:31:30+00:00","dateModified":"2025-05-12T15:54:27+00:00","description":"El 25 de abril de 2025, en Lima, Microsol y la Pontificia Universidad Cat\u00f3lica del Per\u00fa (PUCP) firmaron un convenio marco que facilitar\u00e1 el desarrollo de iniciativas de innovaci\u00f3n, investigaci\u00f3n, formaci\u00f3n y di\u00e1logo, relacionadas con la mitigaci\u00f3n y la adaptaci\u00f3n al cambio clim\u00e1tico.sol y la Universidad Nacional Agraria La Molina (UNALM) firmaron un convenio marco para trabajar conjuntamente en la promoci\u00f3n de proyectos de investigaci\u00f3n, desarrollo, emprendimientos e innovaci\u00f3n en mitigaci\u00f3n del cambio clim\u00e1tico en el Per\u00fa.","breadcrumb":{"@id":"https:\/\/microsol-int.com\/pucp-y-microsol-celebran-convenio-marco-para-promover-la-formacion-y-el-dialogo-en-materia-climatica\/#breadcrumb"},"inLanguage":"fr-FR","potentialAction":[{"@type":"ReadAction","target":["https:\/\/microsol-int.com\/pucp-y-microsol-celebran-convenio-marco-para-promover-la-formacion-y-el-dialogo-en-materia-climatica\/"]}]},{"@type":"ImageObject","inLanguage":"fr-FR","@id":"https:\/\/microsol-int.com\/pucp-y-microsol-celebran-convenio-marco-para-promover-la-formacion-y-el-dialogo-en-materia-climatica\/#primaryimage","url":"https:\/\/microsol-int.com\/wp-content\/uploads\/2025\/05\/foto-convenio-pucp-scaled.jpg","contentUrl":"https:\/\/microsol-int.com\/wp-content\/uploads\/2025\/05\/foto-convenio-pucp-scaled.jpg","width":2560,"height":1494},{"@type":"BreadcrumbList","@id":"https:\/\/microsol-int.com\/pucp-y-microsol-celebran-convenio-marco-para-promover-la-formacion-y-el-dialogo-en-materia-climatica\/#breadcrumb","itemListElement":[{"@type":"ListItem","position":1,"name":"Portada","item":"https:\/\/microsol-int.com\/"},{"@type":"ListItem","position":2,"name":"PUCP y Microsol celebran convenio marco para promover la formaci\u00f3n y el di\u00e1logo en materia clim\u00e1tica"}]},{"@type":"WebSite","@id":"https:\/\/microsol-int.com\/#website","url":"https:\/\/microsol-int.com\/","name":"Microsol","description":"Une source d&#039;\u00e9nergie durable pour les familles dans le besoin","publisher":{"@id":"https:\/\/microsol-int.com\/#organization"},"potentialAction":[{"@type":"SearchAction","target":{"@type":"EntryPoint","urlTemplate":"https:\/\/microsol-int.com\/?s={search_term_string}"},"query-input":{"@type":"PropertyValueSpecification","valueRequired":true,"valueName":"search_term_string"}}],"inLanguage":"fr-FR"},{"@type":"Organization","@id":"https:\/\/microsol-int.com\/#organization","name":"Microsol","url":"https:\/\/microsol-int.com\/","logo":{"@type":"ImageObject","inLanguage":"fr-FR","@id":"https:\/\/microsol-int.com\/#\/schema\/logo\/image\/","url":"https:\/\/microsol-int.com\/wp-content\/uploads\/2022\/12\/logo.svg","contentUrl":"https:\/\/microsol-int.com\/wp-content\/uploads\/2022\/12\/logo.svg","width":186,"height":85,"caption":"Microsol"},"image":{"@id":"https:\/\/microsol-int.com\/#\/schema\/logo\/image\/"},"sameAs":["https:\/\/www.facebook.com\/MICROSOLint","https:\/\/x.com\/MicrosolPeru","https:\/\/www.linkedin.com\/company\/microsol","https:\/\/www.youtube.com\/user\/MICROSOLint\/"]},{"@type":"Person","@id":"https:\/\/microsol-int.com\/#\/schema\/person\/9705d52afb889dd1d167f7bf007d9201","name":"Karla Colquichagua","image":{"@type":"ImageObject","inLanguage":"fr-FR","@id":"https:\/\/microsol-int.com\/#\/schema\/person\/image\/","url":"https:\/\/secure.gravatar.com\/avatar\/b52ccf5806eb4ab4ed61b45f50d52c48cb7dbf9b28f35ef119b130dbfd739392?s=96&d=mm&r=g","contentUrl":"https:\/\/secure.gravatar.com\/avatar\/b52ccf5806eb4ab4ed61b45f50d52c48cb7dbf9b28f35ef119b130dbfd739392?s=96&d=mm&r=g","caption":"Karla Colquichagua"}}]}},"_links":{"self":[{"href":"https:\/\/microsol-int.com\/fr\/wp-json\/wp\/v2\/posts\/8173","targetHints":{"allow":["GET"]}}],"collection":[{"href":"https:\/\/microsol-int.com\/fr\/wp-json\/wp\/v2\/posts"}],"about":[{"href":"https:\/\/microsol-int.com\/fr\/wp-json\/wp\/v2\/types\/post"}],"author":[{"embeddable":true,"href":"https:\/\/microsol-int.com\/fr\/wp-json\/wp\/v2\/users\/9"}],"replies":[{"embeddable":true,"href":"https:\/\/microsol-int.com\/fr\/wp-json\/wp\/v2\/comments?post=8173"}],"version-history":[{"count":0,"href":"https:\/\/microsol-int.com\/fr\/wp-json\/wp\/v2\/posts\/8173\/revisions"}],"wp:featuredmedia":[{"embeddable":true,"href":"https:\/\/microsol-int.com\/fr\/wp-json\/wp\/v2\/media\/8178"}],"wp:attachment":[{"href":"https:\/\/microsol-int.com\/fr\/wp-json\/wp\/v2\/media?parent=8173"}],"wp:term":[{"taxonomy":"category","embeddable":true,"href":"https:\/\/microsol-int.com\/fr\/wp-json\/wp\/v2\/categories?post=8173"},{"taxonomy":"post_tag","embeddable":true,"href":"https:\/\/microsol-int.com\/fr\/wp-json\/wp\/v2\/tags?post=8173"}],"curies":[{"name":"wp","href":"https:\/\/api.w.org\/{rel}","templated":true}]}}