{"id":8138,"date":"2025-03-27T09:16:44","date_gmt":"2025-03-27T14:16:44","guid":{"rendered":"https:\/\/microsol-int.com\/?p=8138"},"modified":"2025-03-27T14:52:35","modified_gmt":"2025-03-27T19:52:35","slug":"fundacion-klik-se-reune-con-microsol-para-compartir-avances-del-programa-tuki-wasieunen-para-compartir-avances-del-programa-tuki-wasi","status":"publish","type":"post","link":"https:\/\/microsol-int.com\/fr\/fundacion-klik-se-reune-con-microsol-para-compartir-avances-del-programa-tuki-wasieunen-para-compartir-avances-del-programa-tuki-wasi\/","title":{"rendered":"Fundaci\u00f3n KLIK se reune con Microsol para compartir avances del Programa Tuki Wasi"},"content":{"rendered":"<div data-elementor-type=\"wp-post\" data-elementor-id=\"8138\" class=\"elementor elementor-8138\" data-elementor-post-type=\"post\">\n\t\t\t\t\t\t<section class=\"elementor-section elementor-top-section elementor-element elementor-element-6f71e93 elementor-section-boxed elementor-section-height-default elementor-section-height-default\" data-id=\"6f71e93\" data-element_type=\"section\" data-settings=\"{&quot;jet_parallax_layout_list&quot;:[],&quot;ekit_has_onepagescroll_dot&quot;:&quot;yes&quot;}\">\n\t\t\t\t\t\t<div class=\"elementor-container elementor-column-gap-default\">\n\t\t\t\t\t<div class=\"elementor-column elementor-col-100 elementor-top-column elementor-element elementor-element-2ca8331\" data-id=\"2ca8331\" data-element_type=\"column\">\n\t\t\t<div class=\"elementor-column-wrap--2ca8331 elementor-widget-wrap elementor-element-populated\">\n\t\t\t\t\t\t<div class=\"elementor-element elementor-element-4fdb373 elementor-widget elementor-widget-text-editor\" data-id=\"4fdb373\" data-element_type=\"widget\" data-settings=\"{&quot;ekit_we_effect_on&quot;:&quot;none&quot;}\" data-widget_type=\"text-editor.default\">\n\t\t\t\t<div class=\"elementor-widget-container\">\n\t\t\t\t\t\t\t\t\t<p class=\"translation-block\"><em><span class=\"TextRun SCXW133180763 BCX2\" lang=\"ES-ES\" xml:lang=\"ES-ES\" data-contrast=\"auto\"><span class=\"NormalTextRun SCXW133180763 BCX2\">La Fundaci\u00f3n <\/span><span class=\"NormalTextRun SpellingErrorV2Themed SCXW133180763 BCX2\">Kli<\/span><span class=\"NormalTextRun SpellingErrorV2Themed SCXW133180763 BCX2\">K<\/span><span class=\"NormalTextRun SCXW133180763 BCX2\"> visit\u00f3<\/span><span class=\"NormalTextRun SCXW133180763 BCX2\"> las oficinas de<\/span> <span class=\"NormalTextRun SpellingErrorV2Themed SCXW133180763 BCX2\">Microso<\/span><span class=\"NormalTextRun SpellingErrorV2Themed SCXW133180763 BCX2\">l<\/span><span class=\"NormalTextRun SCXW133180763 BCX2\"> y las viviendas de usuarios del programa para conocer de cerca los impactos que generan las cocinas mejoradas<\/span><\/span>.<\/em><\/p>\t\t\t\t\t\t\t\t<\/div>\n\t\t\t\t<\/div>\n\t\t\t\t\t<\/div>\n\t\t<\/div>\n\t\t\t\t\t<\/div>\n\t\t<\/section>\n\t\t\t\t<section class=\"elementor-section elementor-top-section elementor-element elementor-element-ac6e9aa elementor-section-boxed elementor-section-height-default elementor-section-height-default\" data-id=\"ac6e9aa\" data-element_type=\"section\" data-settings=\"{&quot;jet_parallax_layout_list&quot;:[],&quot;ekit_has_onepagescroll_dot&quot;:&quot;yes&quot;}\">\n\t\t\t\t\t\t<div class=\"elementor-container elementor-column-gap-default\">\n\t\t\t\t\t<div class=\"elementor-column elementor-col-100 elementor-top-column elementor-element elementor-element-ceb5b13\" data-id=\"ceb5b13\" data-element_type=\"column\">\n\t\t\t<div class=\"elementor-column-wrap--ceb5b13 elementor-widget-wrap elementor-element-populated\">\n\t\t\t\t\t\t<div class=\"elementor-element elementor-element-3621c66 elementor-widget elementor-widget-text-editor\" data-id=\"3621c66\" data-element_type=\"widget\" data-settings=\"{&quot;ekit_we_effect_on&quot;:&quot;none&quot;}\" data-widget_type=\"text-editor.default\">\n\t\t\t\t<div class=\"elementor-widget-container\">\n\t\t\t\t\t\t\t\t\t<p><span data-contrast=\"auto\">El viernes 14 de marzo, Microsol recibi\u00f3 en sus oficinas de Per\u00fa a representantes de Stiftung Klimaschutz und CO2-Kompensation KliK (Fundaci\u00f3n KliK) de Suiza, una de las organizaciones financiadoras del Programa Tuki Wasi. Dada la reciente aprobaci\u00f3n del Registro Nacional de Medidas de Mitigaci\u00f3n GEI (RENAMI) por parte del Ministerio del Ambiente del Per\u00fa (MINAM), la visita se realiz\u00f3 con el objetivo de coordinar los avances y pr\u00f3ximos pasos del Programa Tuki Wasi, el cual funciona bajo el mecanismo de Resultados de Mitigaci\u00f3n Internacionalmente Transferidos (ITMO) gracias al Acuerdo bilateral celebrado entre Per\u00fa y Suiza, en el marco del Art\u00edculo 6.2 del Acuerdo de Par\u00eds.<\/span><span data-ccp-props=\"{}\">\u00a0<\/span><\/p>\t\t\t\t\t\t\t\t<\/div>\n\t\t\t\t<\/div>\n\t\t\t\t\t<\/div>\n\t\t<\/div>\n\t\t\t\t\t<\/div>\n\t\t<\/section>\n\t\t\t\t<section class=\"elementor-section elementor-top-section elementor-element elementor-element-c433f1a elementor-section-boxed elementor-section-height-default elementor-section-height-default\" data-id=\"c433f1a\" data-element_type=\"section\" data-settings=\"{&quot;jet_parallax_layout_list&quot;:[],&quot;ekit_has_onepagescroll_dot&quot;:&quot;yes&quot;}\">\n\t\t\t\t\t\t<div class=\"elementor-container elementor-column-gap-default\">\n\t\t\t\t\t<div class=\"elementor-column elementor-col-100 elementor-top-column elementor-element elementor-element-2440932\" data-id=\"2440932\" data-element_type=\"column\">\n\t\t\t<div class=\"elementor-column-wrap--2440932 elementor-widget-wrap elementor-element-populated\">\n\t\t\t\t\t\t<div class=\"elementor-element elementor-element-b331c79 elementor-widget elementor-widget-text-editor\" data-id=\"b331c79\" data-element_type=\"widget\" data-settings=\"{&quot;ekit_we_effect_on&quot;:&quot;none&quot;}\" data-widget_type=\"text-editor.default\">\n\t\t\t\t<div class=\"elementor-widget-container\">\n\t\t\t\t\t\t\t\t\t<p><span data-contrast=\"auto\">Adem\u00e1s, las representantes de la fundaci\u00f3n, junto al presidente y cofundador de Microsol Arthur Laurent y uno de nuestros operadores locales, pudieron visitar a los usuarios del Programa Tuki Wasi en Cajamarca, teniendo la oportunidad de conocer de cerca el impacto positivo que producen las cocinas mejoradas en la vida de las familias, tales como la disminuci\u00f3n de la exposici\u00f3n a gases contaminantes y la eficiencia al preparar los alimentos, lo que deriva en un menor tiempo de cocci\u00f3n y de consumo de le\u00f1a.<\/span><span data-ccp-props=\"{&quot;134233117&quot;:false,&quot;134233118&quot;:false,&quot;201341983&quot;:0,&quot;335551550&quot;:1,&quot;335551620&quot;:1,&quot;335559685&quot;:0,&quot;335559737&quot;:0,&quot;335559738&quot;:0,&quot;335559739&quot;:160,&quot;335559740&quot;:279}\">\u00a0<\/span><\/p>\t\t\t\t\t\t\t\t<\/div>\n\t\t\t\t<\/div>\n\t\t\t\t\t<\/div>\n\t\t<\/div>\n\t\t\t\t\t<\/div>\n\t\t<\/section>\n\t\t\t\t<section class=\"elementor-section elementor-top-section elementor-element elementor-element-22390c8 elementor-section-boxed elementor-section-height-default elementor-section-height-default\" data-id=\"22390c8\" data-element_type=\"section\" data-settings=\"{&quot;jet_parallax_layout_list&quot;:[],&quot;ekit_has_onepagescroll_dot&quot;:&quot;yes&quot;}\">\n\t\t\t\t\t\t<div class=\"elementor-container elementor-column-gap-default\">\n\t\t\t\t\t<div class=\"elementor-column elementor-col-100 elementor-top-column elementor-element elementor-element-4d98a10\" data-id=\"4d98a10\" data-element_type=\"column\">\n\t\t\t<div class=\"elementor-column-wrap--4d98a10 elementor-widget-wrap elementor-element-populated\">\n\t\t\t\t\t\t<div class=\"elementor-element elementor-element-af16c61 elementor-widget elementor-widget-text-editor\" data-id=\"af16c61\" data-element_type=\"widget\" data-settings=\"{&quot;ekit_we_effect_on&quot;:&quot;none&quot;}\" data-widget_type=\"text-editor.default\">\n\t\t\t\t<div class=\"elementor-widget-container\">\n\t\t\t\t\t\t\t\t\t<p class=\"translation-block\"><span data-contrast=\"auto\">Por otro lado, el<\/span><span data-contrast=\"auto\"> 19 de marzo, <\/span><span data-contrast=\"auto\">la Embajada de Suiza y el MINAM organizaron<\/span> <span data-contrast=\"auto\">el desayuno ejecutivo<\/span> <span data-contrast=\"auto\">\u201cPer\u00fa y Suiza: Acci\u00f3n clim\u00e1tica para la implementaci\u00f3n del Art\u00edculo 6 del Acuerdo de Par\u00eds\u201d, con el objetivo de exponer la importancia de los roles que ambos pa\u00edses est\u00e1n desempe\u00f1ando de forma conjunta en la lucha contra el cambio clim\u00e1tico en el marco del Acuerdo bilateral que sostienen.<\/span> <span data-contrast=\"auto\">El evento cont\u00f3 con la presencia del Embajador Suizo, Paul Garnier, Berioska Quispe, directora general de Cambio Clim\u00e1tico y Desertificaci\u00f3n del MINAM, Andrea Thurner, Carbon Procurement Manager en la Fundaci\u00f3n KliK, gestores de proyecto, entre otros. Nuestra gerente general Yanna Gruel particip\u00f3 en esta reuni\u00f3n, en donde pudo intercambiar experiencias con l\u00edderes de la acci\u00f3n clim\u00e1tica que est\u00e1n promoviendo distintas iniciativas para contribuir a los objetivos del Acuerdo de Par\u00eds y la lucha contra el cambio clim\u00e1tico.&nbsp;<\/span><\/p>\t\t\t\t\t\t\t\t<\/div>\n\t\t\t\t<\/div>\n\t\t\t\t<div class=\"elementor-element elementor-element-7379b58 elementor-widget elementor-widget-image\" data-id=\"7379b58\" data-element_type=\"widget\" data-settings=\"{&quot;ekit_we_effect_on&quot;:&quot;none&quot;}\" data-widget_type=\"image.default\">\n\t\t\t\t<div class=\"elementor-widget-container\">\n\t\t\t\t\t\t\t\t\t\t\t\t\t\t\t<img fetchpriority=\"high\" decoding=\"async\" width=\"800\" height=\"600\" src=\"https:\/\/microsol-int.com\/wp-content\/uploads\/2025\/03\/WhatsApp-Image-2025-03-19-at-12.55.26-PM.jpeg\" class=\"attachment-large size-large wp-image-8143\" alt=\"\" srcset=\"https:\/\/microsol-int.com\/wp-content\/uploads\/2025\/03\/WhatsApp-Image-2025-03-19-at-12.55.26-PM.jpeg 800w, https:\/\/microsol-int.com\/wp-content\/uploads\/2025\/03\/WhatsApp-Image-2025-03-19-at-12.55.26-PM-300x225.jpeg 300w, https:\/\/microsol-int.com\/wp-content\/uploads\/2025\/03\/WhatsApp-Image-2025-03-19-at-12.55.26-PM-768x576.jpeg 768w, https:\/\/microsol-int.com\/wp-content\/uploads\/2025\/03\/WhatsApp-Image-2025-03-19-at-12.55.26-PM-16x12.jpeg 16w\" sizes=\"(max-width: 800px) 100vw, 800px\" \/>\t\t\t\t\t\t\t\t\t\t\t\t\t\t\t<\/div>\n\t\t\t\t<\/div>\n\t\t\t\t\t<\/div>\n\t\t<\/div>\n\t\t\t\t\t<\/div>\n\t\t<\/section>\n\t\t\t\t<section class=\"elementor-section elementor-top-section elementor-element elementor-element-58077ed elementor-section-boxed elementor-section-height-default elementor-section-height-default\" data-id=\"58077ed\" data-element_type=\"section\" data-settings=\"{&quot;jet_parallax_layout_list&quot;:[],&quot;ekit_has_onepagescroll_dot&quot;:&quot;yes&quot;}\">\n\t\t\t\t\t\t<div class=\"elementor-container elementor-column-gap-default\">\n\t\t\t\t\t<div class=\"elementor-column elementor-col-100 elementor-top-column elementor-element elementor-element-97f7298\" data-id=\"97f7298\" data-element_type=\"column\">\n\t\t\t<div class=\"elementor-column-wrap--97f7298 elementor-widget-wrap elementor-element-populated\">\n\t\t\t\t\t\t<div class=\"elementor-element elementor-element-da0aad2 elementor-widget elementor-widget-spacer\" data-id=\"da0aad2\" data-element_type=\"widget\" data-settings=\"{&quot;ekit_we_effect_on&quot;:&quot;none&quot;}\" data-widget_type=\"spacer.default\">\n\t\t\t\t<div class=\"elementor-widget-container\">\n\t\t\t\t\t\t\t<div class=\"elementor-spacer\">\n\t\t\t<div class=\"elementor-spacer-inner\"><\/div>\n\t\t<\/div>\n\t\t\t\t\t\t<\/div>\n\t\t\t\t<\/div>\n\t\t\t\t\t<\/div>\n\t\t<\/div>\n\t\t\t\t\t<\/div>\n\t\t<\/section>\n\t\t\t\t<\/div>","protected":false},"excerpt":{"rendered":"<p>La Fundaci\u00f3n KliK visit\u00f3 las oficinas de Microsol y las viviendas de usuarios del programa para conocer de cerca los impactos que generan las cocinas mejoradas. El viernes 14 de marzo, Microsol recibi\u00f3 en sus oficinas de Per\u00fa a representantes de Stiftung Klimaschutz und CO2-Kompensation KliK (Fundaci\u00f3n KliK) de Suiza, una de las organizaciones financiadoras [&hellip;]<\/p>","protected":false},"author":9,"featured_media":8139,"comment_status":"closed","ping_status":"closed","sticky":false,"template":"","format":"standard","meta":{"_acf_changed":false,"footnotes":""},"categories":[7],"tags":[32,129,10,34,11],"class_list":["post-8138","post","type-post","status-publish","format-standard","has-post-thumbnail","hentry","category-notas-de-prensa","tag-acuerdo-de-paris","tag-articulo-6-2","tag-cocinas-mejoradas","tag-itmo","tag-tuki-wasi"],"acf":[],"yoast_head":"<!-- This site is optimized with the Yoast SEO Premium plugin v23.5 (Yoast SEO v26.4) - https:\/\/yoast.com\/wordpress\/plugins\/seo\/ -->\n<title>Fundaci\u00f3n KLIK se reune con Microsol para compartir avances del Programa Tuki Wasi<\/title>\n<meta name=\"description\" content=\"La Fundaci\u00f3n Klik visit\u00f3 las oficinas de Microsol y las viviendas de usuarios del programa para conocer de cerca los impactos que generan las cocinas mejoradas\" \/>\n<meta name=\"robots\" content=\"index, follow, max-snippet:-1, max-image-preview:large, max-video-preview:-1\" \/>\n<link rel=\"canonical\" href=\"https:\/\/microsol-int.com\/fr\/fundacion-klik-se-reune-con-microsol-para-compartir-avances-del-programa-tuki-wasieunen-para-compartir-avances-del-programa-tuki-wasi\/\" \/>\n<meta property=\"og:locale\" content=\"fr_FR\" \/>\n<meta property=\"og:type\" content=\"article\" \/>\n<meta property=\"og:title\" content=\"Fundaci\u00f3n KLIK se reune con Microsol para compartir avances del Programa Tuki Wasi\" \/>\n<meta property=\"og:description\" content=\"La Fundaci\u00f3n Klik visit\u00f3 las oficinas de Microsol y las viviendas de usuarios del programa para conocer de cerca los impactos que generan las cocinas mejoradas\" \/>\n<meta property=\"og:url\" content=\"https:\/\/microsol-int.com\/fr\/fundacion-klik-se-reune-con-microsol-para-compartir-avances-del-programa-tuki-wasieunen-para-compartir-avances-del-programa-tuki-wasi\/\" \/>\n<meta property=\"og:site_name\" content=\"Microsol\" \/>\n<meta property=\"article:publisher\" content=\"https:\/\/www.facebook.com\/MICROSOLint\" \/>\n<meta property=\"article:published_time\" content=\"2025-03-27T14:16:44+00:00\" \/>\n<meta property=\"article:modified_time\" content=\"2025-03-27T19:52:35+00:00\" \/>\n<meta property=\"og:image\" content=\"https:\/\/microsol-int.com\/wp-content\/uploads\/2025\/03\/DSC_41451-scaled.jpg\" \/>\n\t<meta property=\"og:image:width\" content=\"2560\" \/>\n\t<meta property=\"og:image:height\" content=\"1707\" \/>\n\t<meta property=\"og:image:type\" content=\"image\/jpeg\" \/>\n<meta name=\"author\" content=\"Karla Colquichagua\" \/>\n<meta name=\"twitter:card\" content=\"summary_large_image\" \/>\n<meta name=\"twitter:creator\" content=\"@MicrosolPeru\" \/>\n<meta name=\"twitter:site\" content=\"@MicrosolPeru\" \/>\n<meta name=\"twitter:label1\" content=\"\u00c9crit par\" \/>\n\t<meta name=\"twitter:data1\" content=\"Karla Colquichagua\" \/>\n\t<meta name=\"twitter:label2\" content=\"Dur\u00e9e de lecture estim\u00e9e\" \/>\n\t<meta name=\"twitter:data2\" content=\"2 minutes\" \/>\n<script type=\"application\/ld+json\" class=\"yoast-schema-graph\">{\"@context\":\"https:\/\/schema.org\",\"@graph\":[{\"@type\":\"Article\",\"@id\":\"https:\/\/microsol-int.com\/fundacion-klik-se-reune-con-microsol-para-compartir-avances-del-programa-tuki-wasieunen-para-compartir-avances-del-programa-tuki-wasi\/#article\",\"isPartOf\":{\"@id\":\"https:\/\/microsol-int.com\/fundacion-klik-se-reune-con-microsol-para-compartir-avances-del-programa-tuki-wasieunen-para-compartir-avances-del-programa-tuki-wasi\/\"},\"author\":{\"name\":\"Karla Colquichagua\",\"@id\":\"https:\/\/microsol-int.com\/#\/schema\/person\/9705d52afb889dd1d167f7bf007d9201\"},\"headline\":\"Fundaci\u00f3n KLIK se reune con Microsol para compartir avances del Programa Tuki Wasi\",\"datePublished\":\"2025-03-27T14:16:44+00:00\",\"dateModified\":\"2025-03-27T19:52:35+00:00\",\"mainEntityOfPage\":{\"@id\":\"https:\/\/microsol-int.com\/fundacion-klik-se-reune-con-microsol-para-compartir-avances-del-programa-tuki-wasieunen-para-compartir-avances-del-programa-tuki-wasi\/\"},\"wordCount\":402,\"publisher\":{\"@id\":\"https:\/\/microsol-int.com\/#organization\"},\"image\":{\"@id\":\"https:\/\/microsol-int.com\/fundacion-klik-se-reune-con-microsol-para-compartir-avances-del-programa-tuki-wasieunen-para-compartir-avances-del-programa-tuki-wasi\/#primaryimage\"},\"thumbnailUrl\":\"https:\/\/microsol-int.com\/wp-content\/uploads\/2025\/03\/DSC_41451-scaled.jpg\",\"keywords\":[\"Acuerdo de Par\u00eds\",\"Art\u00edculo 6.2\",\"Cocinas mejoradas\",\"ITMO\",\"Tuki wasi\"],\"articleSection\":[\"Notas de prensa\"],\"inLanguage\":\"fr-FR\"},{\"@type\":\"WebPage\",\"@id\":\"https:\/\/microsol-int.com\/fundacion-klik-se-reune-con-microsol-para-compartir-avances-del-programa-tuki-wasieunen-para-compartir-avances-del-programa-tuki-wasi\/\",\"url\":\"https:\/\/microsol-int.com\/fundacion-klik-se-reune-con-microsol-para-compartir-avances-del-programa-tuki-wasieunen-para-compartir-avances-del-programa-tuki-wasi\/\",\"name\":\"Fundaci\u00f3n KLIK se reune con Microsol para compartir avances del Programa Tuki Wasi\",\"isPartOf\":{\"@id\":\"https:\/\/microsol-int.com\/#website\"},\"primaryImageOfPage\":{\"@id\":\"https:\/\/microsol-int.com\/fundacion-klik-se-reune-con-microsol-para-compartir-avances-del-programa-tuki-wasieunen-para-compartir-avances-del-programa-tuki-wasi\/#primaryimage\"},\"image\":{\"@id\":\"https:\/\/microsol-int.com\/fundacion-klik-se-reune-con-microsol-para-compartir-avances-del-programa-tuki-wasieunen-para-compartir-avances-del-programa-tuki-wasi\/#primaryimage\"},\"thumbnailUrl\":\"https:\/\/microsol-int.com\/wp-content\/uploads\/2025\/03\/DSC_41451-scaled.jpg\",\"datePublished\":\"2025-03-27T14:16:44+00:00\",\"dateModified\":\"2025-03-27T19:52:35+00:00\",\"description\":\"La Fundaci\u00f3n Klik visit\u00f3 las oficinas de Microsol y las viviendas de usuarios del programa para conocer de cerca los impactos que generan las cocinas mejoradas\",\"breadcrumb\":{\"@id\":\"https:\/\/microsol-int.com\/fundacion-klik-se-reune-con-microsol-para-compartir-avances-del-programa-tuki-wasieunen-para-compartir-avances-del-programa-tuki-wasi\/#breadcrumb\"},\"inLanguage\":\"fr-FR\",\"potentialAction\":[{\"@type\":\"ReadAction\",\"target\":[\"https:\/\/microsol-int.com\/fundacion-klik-se-reune-con-microsol-para-compartir-avances-del-programa-tuki-wasieunen-para-compartir-avances-del-programa-tuki-wasi\/\"]}]},{\"@type\":\"ImageObject\",\"inLanguage\":\"fr-FR\",\"@id\":\"https:\/\/microsol-int.com\/fundacion-klik-se-reune-con-microsol-para-compartir-avances-del-programa-tuki-wasieunen-para-compartir-avances-del-programa-tuki-wasi\/#primaryimage\",\"url\":\"https:\/\/microsol-int.com\/wp-content\/uploads\/2025\/03\/DSC_41451-scaled.jpg\",\"contentUrl\":\"https:\/\/microsol-int.com\/wp-content\/uploads\/2025\/03\/DSC_41451-scaled.jpg\",\"width\":2560,\"height\":1707},{\"@type\":\"BreadcrumbList\",\"@id\":\"https:\/\/microsol-int.com\/fundacion-klik-se-reune-con-microsol-para-compartir-avances-del-programa-tuki-wasieunen-para-compartir-avances-del-programa-tuki-wasi\/#breadcrumb\",\"itemListElement\":[{\"@type\":\"ListItem\",\"position\":1,\"name\":\"Portada\",\"item\":\"https:\/\/microsol-int.com\/\"},{\"@type\":\"ListItem\",\"position\":2,\"name\":\"Fundaci\u00f3n KLIK se reune con Microsol para compartir avances del Programa Tuki Wasi\"}]},{\"@type\":\"WebSite\",\"@id\":\"https:\/\/microsol-int.com\/#website\",\"url\":\"https:\/\/microsol-int.com\/\",\"name\":\"Microsol\",\"description\":\"Una fuente de energ\u00eda sostenible para familias que lo necesitan\",\"publisher\":{\"@id\":\"https:\/\/microsol-int.com\/#organization\"},\"potentialAction\":[{\"@type\":\"SearchAction\",\"target\":{\"@type\":\"EntryPoint\",\"urlTemplate\":\"https:\/\/microsol-int.com\/?s={search_term_string}\"},\"query-input\":{\"@type\":\"PropertyValueSpecification\",\"valueRequired\":true,\"valueName\":\"search_term_string\"}}],\"inLanguage\":\"fr-FR\"},{\"@type\":\"Organization\",\"@id\":\"https:\/\/microsol-int.com\/#organization\",\"name\":\"Microsol\",\"url\":\"https:\/\/microsol-int.com\/\",\"logo\":{\"@type\":\"ImageObject\",\"inLanguage\":\"fr-FR\",\"@id\":\"https:\/\/microsol-int.com\/#\/schema\/logo\/image\/\",\"url\":\"https:\/\/microsol-int.com\/wp-content\/uploads\/2022\/12\/logo.svg\",\"contentUrl\":\"https:\/\/microsol-int.com\/wp-content\/uploads\/2022\/12\/logo.svg\",\"width\":186,\"height\":85,\"caption\":\"Microsol\"},\"image\":{\"@id\":\"https:\/\/microsol-int.com\/#\/schema\/logo\/image\/\"},\"sameAs\":[\"https:\/\/www.facebook.com\/MICROSOLint\",\"https:\/\/x.com\/MicrosolPeru\",\"https:\/\/www.linkedin.com\/company\/microsol\",\"https:\/\/www.youtube.com\/user\/MICROSOLint\/\"]},{\"@type\":\"Person\",\"@id\":\"https:\/\/microsol-int.com\/#\/schema\/person\/9705d52afb889dd1d167f7bf007d9201\",\"name\":\"Karla Colquichagua\",\"image\":{\"@type\":\"ImageObject\",\"inLanguage\":\"fr-FR\",\"@id\":\"https:\/\/microsol-int.com\/#\/schema\/person\/image\/\",\"url\":\"https:\/\/secure.gravatar.com\/avatar\/b52ccf5806eb4ab4ed61b45f50d52c48cb7dbf9b28f35ef119b130dbfd739392?s=96&d=mm&r=g\",\"contentUrl\":\"https:\/\/secure.gravatar.com\/avatar\/b52ccf5806eb4ab4ed61b45f50d52c48cb7dbf9b28f35ef119b130dbfd739392?s=96&d=mm&r=g\",\"caption\":\"Karla Colquichagua\"}}]}<\/script>\n<!-- \/ Yoast SEO Premium plugin. -->","yoast_head_json":{"title":"Fundaci\u00f3n KLIK se reune con Microsol para compartir avances del Programa Tuki Wasi","description":"La Fundaci\u00f3n Klik visit\u00f3 las oficinas de Microsol y las viviendas de usuarios del programa para conocer de cerca los impactos que generan las cocinas mejoradas","robots":{"index":"index","follow":"follow","max-snippet":"max-snippet:-1","max-image-preview":"max-image-preview:large","max-video-preview":"max-video-preview:-1"},"canonical":"https:\/\/microsol-int.com\/fr\/fundacion-klik-se-reune-con-microsol-para-compartir-avances-del-programa-tuki-wasieunen-para-compartir-avances-del-programa-tuki-wasi\/","og_locale":"fr_FR","og_type":"article","og_title":"Fundaci\u00f3n KLIK se reune con Microsol para compartir avances del Programa Tuki Wasi","og_description":"La Fundaci\u00f3n Klik visit\u00f3 las oficinas de Microsol y las viviendas de usuarios del programa para conocer de cerca los impactos que generan las cocinas mejoradas","og_url":"https:\/\/microsol-int.com\/fr\/fundacion-klik-se-reune-con-microsol-para-compartir-avances-del-programa-tuki-wasieunen-para-compartir-avances-del-programa-tuki-wasi\/","og_site_name":"Microsol","article_publisher":"https:\/\/www.facebook.com\/MICROSOLint","article_published_time":"2025-03-27T14:16:44+00:00","article_modified_time":"2025-03-27T19:52:35+00:00","og_image":[{"width":2560,"height":1707,"url":"https:\/\/microsol-int.com\/wp-content\/uploads\/2025\/03\/DSC_41451-scaled.jpg","type":"image\/jpeg"}],"author":"Karla Colquichagua","twitter_card":"summary_large_image","twitter_creator":"@MicrosolPeru","twitter_site":"@MicrosolPeru","twitter_misc":{"\u00c9crit par":"Karla Colquichagua","Dur\u00e9e de lecture estim\u00e9e":"2 minutes"},"schema":{"@context":"https:\/\/schema.org","@graph":[{"@type":"Article","@id":"https:\/\/microsol-int.com\/fundacion-klik-se-reune-con-microsol-para-compartir-avances-del-programa-tuki-wasieunen-para-compartir-avances-del-programa-tuki-wasi\/#article","isPartOf":{"@id":"https:\/\/microsol-int.com\/fundacion-klik-se-reune-con-microsol-para-compartir-avances-del-programa-tuki-wasieunen-para-compartir-avances-del-programa-tuki-wasi\/"},"author":{"name":"Karla Colquichagua","@id":"https:\/\/microsol-int.com\/#\/schema\/person\/9705d52afb889dd1d167f7bf007d9201"},"headline":"Fundaci\u00f3n KLIK se reune con Microsol para compartir avances del Programa Tuki Wasi","datePublished":"2025-03-27T14:16:44+00:00","dateModified":"2025-03-27T19:52:35+00:00","mainEntityOfPage":{"@id":"https:\/\/microsol-int.com\/fundacion-klik-se-reune-con-microsol-para-compartir-avances-del-programa-tuki-wasieunen-para-compartir-avances-del-programa-tuki-wasi\/"},"wordCount":402,"publisher":{"@id":"https:\/\/microsol-int.com\/#organization"},"image":{"@id":"https:\/\/microsol-int.com\/fundacion-klik-se-reune-con-microsol-para-compartir-avances-del-programa-tuki-wasieunen-para-compartir-avances-del-programa-tuki-wasi\/#primaryimage"},"thumbnailUrl":"https:\/\/microsol-int.com\/wp-content\/uploads\/2025\/03\/DSC_41451-scaled.jpg","keywords":["Acuerdo de Par\u00eds","Art\u00edculo 6.2","Cocinas mejoradas","ITMO","Tuki wasi"],"articleSection":["Notas de prensa"],"inLanguage":"fr-FR"},{"@type":"WebPage","@id":"https:\/\/microsol-int.com\/fundacion-klik-se-reune-con-microsol-para-compartir-avances-del-programa-tuki-wasieunen-para-compartir-avances-del-programa-tuki-wasi\/","url":"https:\/\/microsol-int.com\/fundacion-klik-se-reune-con-microsol-para-compartir-avances-del-programa-tuki-wasieunen-para-compartir-avances-del-programa-tuki-wasi\/","name":"Fundaci\u00f3n KLIK se reune con Microsol para compartir avances del Programa Tuki Wasi","isPartOf":{"@id":"https:\/\/microsol-int.com\/#website"},"primaryImageOfPage":{"@id":"https:\/\/microsol-int.com\/fundacion-klik-se-reune-con-microsol-para-compartir-avances-del-programa-tuki-wasieunen-para-compartir-avances-del-programa-tuki-wasi\/#primaryimage"},"image":{"@id":"https:\/\/microsol-int.com\/fundacion-klik-se-reune-con-microsol-para-compartir-avances-del-programa-tuki-wasieunen-para-compartir-avances-del-programa-tuki-wasi\/#primaryimage"},"thumbnailUrl":"https:\/\/microsol-int.com\/wp-content\/uploads\/2025\/03\/DSC_41451-scaled.jpg","datePublished":"2025-03-27T14:16:44+00:00","dateModified":"2025-03-27T19:52:35+00:00","description":"La Fundaci\u00f3n Klik visit\u00f3 las oficinas de Microsol y las viviendas de usuarios del programa para conocer de cerca los impactos que generan las cocinas mejoradas","breadcrumb":{"@id":"https:\/\/microsol-int.com\/fundacion-klik-se-reune-con-microsol-para-compartir-avances-del-programa-tuki-wasieunen-para-compartir-avances-del-programa-tuki-wasi\/#breadcrumb"},"inLanguage":"fr-FR","potentialAction":[{"@type":"ReadAction","target":["https:\/\/microsol-int.com\/fundacion-klik-se-reune-con-microsol-para-compartir-avances-del-programa-tuki-wasieunen-para-compartir-avances-del-programa-tuki-wasi\/"]}]},{"@type":"ImageObject","inLanguage":"fr-FR","@id":"https:\/\/microsol-int.com\/fundacion-klik-se-reune-con-microsol-para-compartir-avances-del-programa-tuki-wasieunen-para-compartir-avances-del-programa-tuki-wasi\/#primaryimage","url":"https:\/\/microsol-int.com\/wp-content\/uploads\/2025\/03\/DSC_41451-scaled.jpg","contentUrl":"https:\/\/microsol-int.com\/wp-content\/uploads\/2025\/03\/DSC_41451-scaled.jpg","width":2560,"height":1707},{"@type":"BreadcrumbList","@id":"https:\/\/microsol-int.com\/fundacion-klik-se-reune-con-microsol-para-compartir-avances-del-programa-tuki-wasieunen-para-compartir-avances-del-programa-tuki-wasi\/#breadcrumb","itemListElement":[{"@type":"ListItem","position":1,"name":"Portada","item":"https:\/\/microsol-int.com\/"},{"@type":"ListItem","position":2,"name":"Fundaci\u00f3n KLIK se reune con Microsol para compartir avances del Programa Tuki Wasi"}]},{"@type":"WebSite","@id":"https:\/\/microsol-int.com\/#website","url":"https:\/\/microsol-int.com\/","name":"Microsol","description":"Une source d&#039;\u00e9nergie durable pour les familles dans le besoin","publisher":{"@id":"https:\/\/microsol-int.com\/#organization"},"potentialAction":[{"@type":"SearchAction","target":{"@type":"EntryPoint","urlTemplate":"https:\/\/microsol-int.com\/?s={search_term_string}"},"query-input":{"@type":"PropertyValueSpecification","valueRequired":true,"valueName":"search_term_string"}}],"inLanguage":"fr-FR"},{"@type":"Organization","@id":"https:\/\/microsol-int.com\/#organization","name":"Microsol","url":"https:\/\/microsol-int.com\/","logo":{"@type":"ImageObject","inLanguage":"fr-FR","@id":"https:\/\/microsol-int.com\/#\/schema\/logo\/image\/","url":"https:\/\/microsol-int.com\/wp-content\/uploads\/2022\/12\/logo.svg","contentUrl":"https:\/\/microsol-int.com\/wp-content\/uploads\/2022\/12\/logo.svg","width":186,"height":85,"caption":"Microsol"},"image":{"@id":"https:\/\/microsol-int.com\/#\/schema\/logo\/image\/"},"sameAs":["https:\/\/www.facebook.com\/MICROSOLint","https:\/\/x.com\/MicrosolPeru","https:\/\/www.linkedin.com\/company\/microsol","https:\/\/www.youtube.com\/user\/MICROSOLint\/"]},{"@type":"Person","@id":"https:\/\/microsol-int.com\/#\/schema\/person\/9705d52afb889dd1d167f7bf007d9201","name":"Karla Colquichagua","image":{"@type":"ImageObject","inLanguage":"fr-FR","@id":"https:\/\/microsol-int.com\/#\/schema\/person\/image\/","url":"https:\/\/secure.gravatar.com\/avatar\/b52ccf5806eb4ab4ed61b45f50d52c48cb7dbf9b28f35ef119b130dbfd739392?s=96&d=mm&r=g","contentUrl":"https:\/\/secure.gravatar.com\/avatar\/b52ccf5806eb4ab4ed61b45f50d52c48cb7dbf9b28f35ef119b130dbfd739392?s=96&d=mm&r=g","caption":"Karla Colquichagua"}}]}},"_links":{"self":[{"href":"https:\/\/microsol-int.com\/fr\/wp-json\/wp\/v2\/posts\/8138","targetHints":{"allow":["GET"]}}],"collection":[{"href":"https:\/\/microsol-int.com\/fr\/wp-json\/wp\/v2\/posts"}],"about":[{"href":"https:\/\/microsol-int.com\/fr\/wp-json\/wp\/v2\/types\/post"}],"author":[{"embeddable":true,"href":"https:\/\/microsol-int.com\/fr\/wp-json\/wp\/v2\/users\/9"}],"replies":[{"embeddable":true,"href":"https:\/\/microsol-int.com\/fr\/wp-json\/wp\/v2\/comments?post=8138"}],"version-history":[{"count":0,"href":"https:\/\/microsol-int.com\/fr\/wp-json\/wp\/v2\/posts\/8138\/revisions"}],"wp:featuredmedia":[{"embeddable":true,"href":"https:\/\/microsol-int.com\/fr\/wp-json\/wp\/v2\/media\/8139"}],"wp:attachment":[{"href":"https:\/\/microsol-int.com\/fr\/wp-json\/wp\/v2\/media?parent=8138"}],"wp:term":[{"taxonomy":"category","embeddable":true,"href":"https:\/\/microsol-int.com\/fr\/wp-json\/wp\/v2\/categories?post=8138"},{"taxonomy":"post_tag","embeddable":true,"href":"https:\/\/microsol-int.com\/fr\/wp-json\/wp\/v2\/tags?post=8138"}],"curies":[{"name":"wp","href":"https:\/\/api.w.org\/{rel}","templated":true}]}}