{"id":6611,"date":"2023-11-10T10:45:03","date_gmt":"2023-11-10T15:45:03","guid":{"rendered":"https:\/\/microsol-int.com\/?p=6611"},"modified":"2023-11-27T12:27:25","modified_gmt":"2023-11-27T17:27:25","slug":"microsol-participo-como-ponente-en-el-climateseed-club-2023-en-paris","status":"publish","type":"post","link":"https:\/\/microsol-int.com\/fr\/microsol-participe-en-tant-que-conferencier-au-climateseed-club-2023-a-paris\/","title":{"rendered":"Intervention de Microsol au ClimateSeed Club 2023 \u00e0 Paris"},"content":{"rendered":"<div data-elementor-type=\"wp-post\" data-elementor-id=\"6611\" class=\"elementor elementor-6611\" data-elementor-post-type=\"post\">\n\t\t\t\t\t\t<section class=\"elementor-section elementor-top-section elementor-element elementor-element-8d0a048 elementor-section-boxed elementor-section-height-default elementor-section-height-default\" data-id=\"8d0a048\" data-element_type=\"section\" data-settings=\"{&quot;jet_parallax_layout_list&quot;:[],&quot;ekit_has_onepagescroll_dot&quot;:&quot;yes&quot;}\">\n\t\t\t\t\t\t<div class=\"elementor-container elementor-column-gap-default\">\n\t\t\t\t\t<div class=\"elementor-column elementor-col-100 elementor-top-column elementor-element elementor-element-9d5eade\" data-id=\"9d5eade\" data-element_type=\"column\">\n\t\t\t<div class=\"elementor-column-wrap--9d5eade elementor-widget-wrap elementor-element-populated\">\n\t\t\t\t\t\t<div class=\"elementor-element elementor-element-1a362ab elementor-widget__width-initial elementor-widget elementor-widget-text-editor\" data-id=\"1a362ab\" data-element_type=\"widget\" data-settings=\"{&quot;ekit_we_effect_on&quot;:&quot;none&quot;}\" data-widget_type=\"text-editor.default\">\n\t\t\t\t<div class=\"elementor-widget-container\">\n\t\t\t\t\t\t\t\t\t<p style=\"text-align: left;\">Le 9 novembre dernier a eu lieu le Climate Club 2023, organis\u00e9 par ClimateSeed \u00e0 Paris. Doroth\u00e9e Pie, CEO de Microsol, a particip\u00e9 en tant qu\u2019intervenante \u00e0 la Table Ronde n\u00b02: Carbon removal and avoidance \"Navigating obstacles of project financing, selection, development, and contribution\" (\u201cS\u00e9questration et \u00c9vitement : identifier les obstacles du financement, de la s\u00e9lection, du d\u00e9veloppement et de la contribution de projets\u201d.<\/p>\n<p style=\"text-align: left;\"><span style=\"color: var( --e-global-color-text ); font-family: var( --e-global-typography-text-font-family ), Sans-serif; font-weight: var( --e-global-typography-text-font-weight ); background-color: var(--body-bg-color);\">Le Climate Club 2023 rassemble les principaux d\u00e9cideurs du secteur priv\u00e9, \u00e0 la recherche d&#039;experts dans le d\u00e9veloppement de solutions durables dans le domaine des \u00e9nergies renouvelables, au sein du march\u00e9 europ\u00e9en. \u00catre un espace d&#039;\u00e9change d&#039;id\u00e9es entre porteurs de projets, partenaires et acteurs du march\u00e9 carbone.<\/span><\/p>\n<p style=\"text-align: left;\"><span style=\"color: var( --e-global-color-text ); font-family: var( --e-global-typography-text-font-family ), Sans-serif; font-weight: var( --e-global-typography-text-font-weight ); background-color: var(--body-bg-color);\">Microsol a partag\u00e9 ses exp\u00e9riences avec les participants, \u00e0 travers un panel de discussion ouvert. Les sujets abord\u00e9s \u00e9taient : les d\u00e9fis et les le\u00e7ons apprises du march\u00e9 du carbone, nos programmes, le processus de g\u00e9n\u00e9ration de cr\u00e9dits carbone, la communication compl\u00e8te avec les acteurs cl\u00e9s du cycle de nos programmes et l&#039;avenir.<\/span><\/p>\n<p style=\"text-align: left;\"><span style=\"color: var( --e-global-color-text ); font-family: var( --e-global-typography-text-font-family ), Sans-serif; font-weight: var( --e-global-typography-text-font-weight ); background-color: var(--body-bg-color);\">L&#039;\u00e9v\u00e9nement a r\u00e9uni diff\u00e9rents acteurs cl\u00e9s du monde du carbone tels que des experts du changement climatique, des repr\u00e9sentants d&#039;entreprises sociales, des d\u00e9veloppeurs de projets et des institutions engag\u00e9es dans l&#039;action et la sensibilisation pour le climat.<\/span><\/p>\t\t\t\t\t\t\t\t<\/div>\n\t\t\t\t<\/div>\n\t\t\t\t<div class=\"elementor-element elementor-element-f519bc5 elementor-widget elementor-widget-spacer\" data-id=\"f519bc5\" data-element_type=\"widget\" data-settings=\"{&quot;ekit_we_effect_on&quot;:&quot;none&quot;}\" data-widget_type=\"spacer.default\">\n\t\t\t\t<div class=\"elementor-widget-container\">\n\t\t\t\t\t\t\t<div class=\"elementor-spacer\">\n\t\t\t<div class=\"elementor-spacer-inner\"><\/div>\n\t\t<\/div>\n\t\t\t\t\t\t<\/div>\n\t\t\t\t<\/div>\n\t\t\t\t<div class=\"elementor-element elementor-element-1fa45a4 gallery-cols--1 elementor-widget elementor-widget-image-gallery\" data-id=\"1fa45a4\" data-element_type=\"widget\" data-settings=\"{&quot;ekit_we_effect_on&quot;:&quot;none&quot;}\" data-widget_type=\"image-gallery.default\">\n\t\t\t\t<div class=\"elementor-widget-container\">\n\t\t\t\t\t\t\t<div class=\"elementor-image-gallery\">\n\t\t\t<div id='gallery-1' class='gallery galleryid-6611 gallery-columns-1 gallery-size-large'><figure class='gallery-item'>\n\t\t\t<div class='gallery-icon landscape'>\n\t\t\t\t<a data-elementor-open-lightbox=\"yes\" data-elementor-lightbox-slideshow=\"1fa45a4\" data-elementor-lightbox-title=\"Microsol x ClimateSeed\" data-e-action-hash=\"#elementor-action%3Aaction%3Dlightbox%26settings%3DeyJpZCI6NjYyNCwidXJsIjoiaHR0cHM6XC9cL2Nsb3VkbWljcm9zb2wuY29tXC93cC1jb250ZW50XC91cGxvYWRzXC8yMDIzXC8xMVwvTkRQLU1pY3Jvc29sLXgtQ0xpbWF0ZVNlZWRfSU5ULmpwZyIsInNsaWRlc2hvdyI6IjFmYTQ1YTQifQ%3D%3D\" href='https:\/\/cloudmicrosol.com\/wp-content\/uploads\/2023\/11\/NDP-Microsol-x-CLimateSeed_INT.jpg'><img fetchpriority=\"high\" width=\"960\" height=\"720\" src=\"https:\/\/cloudmicrosol.com\/wp-content\/uploads\/2023\/11\/NDP-Microsol-x-CLimateSeed_INT.jpg\" class=\"attachment-large size-large\" alt=\"\" decoding=\"async\" srcset=\"https:\/\/cloudmicrosol.com\/wp-content\/uploads\/2023\/11\/NDP-Microsol-x-CLimateSeed_INT.jpg 960w, https:\/\/cloudmicrosol.com\/wp-content\/uploads\/2023\/11\/NDP-Microsol-x-CLimateSeed_INT-300x225.jpg 300w, https:\/\/cloudmicrosol.com\/wp-content\/uploads\/2023\/11\/NDP-Microsol-x-CLimateSeed_INT-768x576.jpg 768w, https:\/\/cloudmicrosol.com\/wp-content\/uploads\/2023\/11\/NDP-Microsol-x-CLimateSeed_INT-16x12.jpg 16w\" sizes=\"(max-width: 960px) 100vw, 960px\" \/><\/a>\n\t\t\t<\/div><\/figure>\n\t\t<\/div>\n\t\t<\/div>\n\t\t\t\t\t\t<\/div>\n\t\t\t\t<\/div>\n\t\t\t\t<div class=\"elementor-element elementor-element-2482383 elementor-widget elementor-widget-spacer\" data-id=\"2482383\" data-element_type=\"widget\" data-settings=\"{&quot;ekit_we_effect_on&quot;:&quot;none&quot;}\" data-widget_type=\"spacer.default\">\n\t\t\t\t<div class=\"elementor-widget-container\">\n\t\t\t\t\t\t\t<div class=\"elementor-spacer\">\n\t\t\t<div class=\"elementor-spacer-inner\"><\/div>\n\t\t<\/div>\n\t\t\t\t\t\t<\/div>\n\t\t\t\t<\/div>\n\t\t\t\t<div class=\"elementor-element elementor-element-07a3427 elementor-widget elementor-widget-text-editor\" data-id=\"07a3427\" data-element_type=\"widget\" data-settings=\"{&quot;ekit_we_effect_on&quot;:&quot;none&quot;}\" data-widget_type=\"text-editor.default\">\n\t\t\t\t<div class=\"elementor-widget-container\">\n\t\t\t\t\t\t\t\t\t<p style=\"text-align: left;\"><b>\u00c0 propos de Microsol<br \/><\/b>Notre mission est d&#039;am\u00e9liorer les moyens de subsistance des communaut\u00e9s rurales d&#039;Am\u00e9rique latine, tout en r\u00e9duisant les \u00e9missions de gaz \u00e0 effet de serre (GES) \u00e0 la source. Nous g\u00e9rons deux programmes de certification carbone sur le march\u00e9 volontaire, Qori Q&#039;oncha au P\u00e9rou et Utsil Naj en Am\u00e9rique centrale (Mexique, Guatemala et Honduras), tous deux r\u00e9pondent \u00e0 7 Objectifs de D\u00e9veloppement Durable (ODD). De m\u00eame, nous g\u00e9rons le premier programme ITMO (Internationally Transferred Mitigation Results), pour les foyers am\u00e9lior\u00e9s de la r\u00e9gion, dans le cadre de l&#039;accord bilat\u00e9ral entre les gouvernements de la Suisse et du P\u00e9rou, dans le cadre de l&#039;article 6 de l&#039;Accord de Paris, et qui est Il est en cours de validation, visant 12 ODD.<\/p><p style=\"text-align: left;\"><b>\u00c0 propos des cuisini\u00e8res \u00e0 foyers am\u00e9lior\u00e9s<\/b><\/p><p style=\"text-align: left;\">L\u2019utilisation de cuisini\u00e8res \u00e0 foyers am\u00e9lior\u00e9s permet une meilleure efficacit\u00e9 du processus de combustion, et ainsi la r\u00e9duction de la consommation de bois et la diminution des \u00e9missions de gaz \u00e0 effet de serre. En parall\u00e8le, l'installation de chemin\u00e9e associ\u00e9e \u00e0 la cuisini\u00e8re \u00e0 foyer am\u00e9lior\u00e9 permet l'expulsion des fum\u00e9es toxiques \u00e0 l\u2019ext\u00e9rieur de l\u2019habitat ce qui r\u00e9duit significativement la pollution intra-domiciliaire et le risque de maladies respiratoires.<\/p>\t\t\t\t\t\t\t\t<\/div>\n\t\t\t\t<\/div>\n\t\t\t\t\t<\/div>\n\t\t<\/div>\n\t\t\t\t\t<\/div>\n\t\t<\/section>\n\t\t\t\t<\/div>","protected":false},"excerpt":{"rendered":"<p>Le 9 novembre, le Climate Club 2023, organis\u00e9 par la plateforme ClimateSeed, a eu lieu dans la ville de Paris, en France. Doroth\u00e9e Pie, PDG de Microsol, a particip\u00e9 en tant qu&#039;intervenante \u00e0 la Table Ronde 2 : \u00ab Suppression du carbone et r\u00e9duction des \u00e9missions \u00e0 la source. Surmonter les obstacles dans le financement, la s\u00e9lection, le d\u00e9veloppement et la contribution des projets. [\u2026]<\/p>","protected":false},"author":4,"featured_media":6655,"comment_status":"open","ping_status":"open","sticky":false,"template":"","format":"standard","meta":{"_acf_changed":false,"footnotes":""},"categories":[7],"tags":[98,99,96],"class_list":["post-6611","post","type-post","status-publish","format-standard","has-post-thumbnail","hentry","category-notas-de-prensa","tag-mercado-de-carbono","tag-reduccion-de-emisiones","tag-responsabilidad-social"],"acf":[],"yoast_head":"<!-- This site is optimized with the Yoast SEO Premium plugin v23.5 (Yoast SEO v26.4) - https:\/\/yoast.com\/wordpress\/plugins\/seo\/ -->\n<title>Microsol particip\u00f3 como ponente en el ClimateSeed Club 2023 en Par\u00eds | Microsol<\/title>\n<meta name=\"robots\" content=\"index, follow, max-snippet:-1, max-image-preview:large, max-video-preview:-1\" \/>\n<link rel=\"canonical\" href=\"https:\/\/microsol-int.com\/fr\/microsol-participe-en-tant-que-conferencier-au-climateseed-club-2023-a-paris\/\" \/>\n<meta property=\"og:locale\" content=\"fr_FR\" \/>\n<meta property=\"og:type\" content=\"article\" \/>\n<meta property=\"og:title\" content=\"Microsol particip\u00f3 como ponente en el ClimateSeed Club 2023 en Par\u00eds\" \/>\n<meta property=\"og:description\" content=\"El pasado 9 de noviembre, se desarroll\u00f3 el Climate Club 2023, organizado por la plataforma ClimateSeed, en la ciudad de Par\u00eds, Francia. Doroth\u00e9e Pie, CEO de Microsol, particip\u00f3 como ponente en la Mesa Redonda 2: \u201cRetiro de carbono y reducci\u00f3n de emisiones desde la fuente. Navegando obst\u00e1culos en financiaci\u00f3n de proyectos, selecci\u00f3n, desarrollo y contribuci\u00f3n\u201d. [&hellip;]\" \/>\n<meta property=\"og:url\" content=\"https:\/\/microsol-int.com\/fr\/microsol-participe-en-tant-que-conferencier-au-climateseed-club-2023-a-paris\/\" \/>\n<meta property=\"og:site_name\" content=\"Microsol\" \/>\n<meta property=\"article:publisher\" content=\"https:\/\/www.facebook.com\/MICROSOLint\" \/>\n<meta property=\"article:published_time\" content=\"2023-11-10T15:45:03+00:00\" \/>\n<meta property=\"article:modified_time\" content=\"2023-11-27T17:27:25+00:00\" \/>\n<meta property=\"og:image\" content=\"https:\/\/microsol-int.com\/wp-content\/uploads\/2023\/11\/NDP-Microsol-x-CLimateSeed_2023.jpg\" \/>\n\t<meta property=\"og:image:width\" content=\"960\" \/>\n\t<meta property=\"og:image:height\" content=\"720\" \/>\n\t<meta property=\"og:image:type\" content=\"image\/jpeg\" \/>\n<meta name=\"author\" content=\"Microsol\" \/>\n<meta name=\"twitter:card\" content=\"summary_large_image\" \/>\n<meta name=\"twitter:creator\" content=\"@MicrosolPeru\" \/>\n<meta name=\"twitter:site\" content=\"@MicrosolPeru\" \/>\n<meta name=\"twitter:label1\" content=\"\u00c9crit par\" \/>\n\t<meta name=\"twitter:data1\" content=\"Microsol\" \/>\n\t<meta name=\"twitter:label2\" content=\"Dur\u00e9e de lecture estim\u00e9e\" \/>\n\t<meta name=\"twitter:data2\" content=\"2 minutes\" \/>\n<script type=\"application\/ld+json\" class=\"yoast-schema-graph\">{\"@context\":\"https:\/\/schema.org\",\"@graph\":[{\"@type\":\"Article\",\"@id\":\"https:\/\/microsol-int.com\/microsol-participo-como-ponente-en-el-climateseed-club-2023-en-paris\/#article\",\"isPartOf\":{\"@id\":\"https:\/\/microsol-int.com\/microsol-participo-como-ponente-en-el-climateseed-club-2023-en-paris\/\"},\"author\":{\"name\":\"Microsol\",\"@id\":\"https:\/\/microsol-int.com\/#\/schema\/person\/f4225f1e1b22cb2a9827ab9794e8a1db\"},\"headline\":\"Microsol particip\u00f3 como ponente en el ClimateSeed Club 2023 en Par\u00eds\",\"datePublished\":\"2023-11-10T15:45:03+00:00\",\"dateModified\":\"2023-11-27T17:27:25+00:00\",\"mainEntityOfPage\":{\"@id\":\"https:\/\/microsol-int.com\/microsol-participo-como-ponente-en-el-climateseed-club-2023-en-paris\/\"},\"wordCount\":402,\"commentCount\":0,\"publisher\":{\"@id\":\"https:\/\/microsol-int.com\/#organization\"},\"image\":{\"@id\":\"https:\/\/microsol-int.com\/microsol-participo-como-ponente-en-el-climateseed-club-2023-en-paris\/#primaryimage\"},\"thumbnailUrl\":\"https:\/\/microsol-int.com\/wp-content\/uploads\/2023\/11\/NDP-Microsol-x-CLimateSeed_2023.jpg\",\"keywords\":[\"mercado de carbono\",\"reducci\u00f3n de emisiones\",\"responsabilidad social\"],\"articleSection\":[\"Notas de prensa\"],\"inLanguage\":\"fr-FR\",\"potentialAction\":[{\"@type\":\"CommentAction\",\"name\":\"Comment\",\"target\":[\"https:\/\/microsol-int.com\/microsol-participo-como-ponente-en-el-climateseed-club-2023-en-paris\/#respond\"]}]},{\"@type\":\"WebPage\",\"@id\":\"https:\/\/microsol-int.com\/microsol-participo-como-ponente-en-el-climateseed-club-2023-en-paris\/\",\"url\":\"https:\/\/microsol-int.com\/microsol-participo-como-ponente-en-el-climateseed-club-2023-en-paris\/\",\"name\":\"Microsol particip\u00f3 como ponente en el ClimateSeed Club 2023 en Par\u00eds | Microsol\",\"isPartOf\":{\"@id\":\"https:\/\/microsol-int.com\/#website\"},\"primaryImageOfPage\":{\"@id\":\"https:\/\/microsol-int.com\/microsol-participo-como-ponente-en-el-climateseed-club-2023-en-paris\/#primaryimage\"},\"image\":{\"@id\":\"https:\/\/microsol-int.com\/microsol-participo-como-ponente-en-el-climateseed-club-2023-en-paris\/#primaryimage\"},\"thumbnailUrl\":\"https:\/\/microsol-int.com\/wp-content\/uploads\/2023\/11\/NDP-Microsol-x-CLimateSeed_2023.jpg\",\"datePublished\":\"2023-11-10T15:45:03+00:00\",\"dateModified\":\"2023-11-27T17:27:25+00:00\",\"breadcrumb\":{\"@id\":\"https:\/\/microsol-int.com\/microsol-participo-como-ponente-en-el-climateseed-club-2023-en-paris\/#breadcrumb\"},\"inLanguage\":\"fr-FR\",\"potentialAction\":[{\"@type\":\"ReadAction\",\"target\":[\"https:\/\/microsol-int.com\/microsol-participo-como-ponente-en-el-climateseed-club-2023-en-paris\/\"]}]},{\"@type\":\"ImageObject\",\"inLanguage\":\"fr-FR\",\"@id\":\"https:\/\/microsol-int.com\/microsol-participo-como-ponente-en-el-climateseed-club-2023-en-paris\/#primaryimage\",\"url\":\"https:\/\/microsol-int.com\/wp-content\/uploads\/2023\/11\/NDP-Microsol-x-CLimateSeed_2023.jpg\",\"contentUrl\":\"https:\/\/microsol-int.com\/wp-content\/uploads\/2023\/11\/NDP-Microsol-x-CLimateSeed_2023.jpg\",\"width\":960,\"height\":720},{\"@type\":\"BreadcrumbList\",\"@id\":\"https:\/\/microsol-int.com\/microsol-participo-como-ponente-en-el-climateseed-club-2023-en-paris\/#breadcrumb\",\"itemListElement\":[{\"@type\":\"ListItem\",\"position\":1,\"name\":\"Portada\",\"item\":\"https:\/\/microsol-int.com\/\"},{\"@type\":\"ListItem\",\"position\":2,\"name\":\"Microsol particip\u00f3 como ponente en el ClimateSeed Club 2023 en Par\u00eds\"}]},{\"@type\":\"WebSite\",\"@id\":\"https:\/\/microsol-int.com\/#website\",\"url\":\"https:\/\/microsol-int.com\/\",\"name\":\"Microsol\",\"description\":\"Una fuente de energ\u00eda sostenible para familias que lo necesitan\",\"publisher\":{\"@id\":\"https:\/\/microsol-int.com\/#organization\"},\"potentialAction\":[{\"@type\":\"SearchAction\",\"target\":{\"@type\":\"EntryPoint\",\"urlTemplate\":\"https:\/\/microsol-int.com\/?s={search_term_string}\"},\"query-input\":{\"@type\":\"PropertyValueSpecification\",\"valueRequired\":true,\"valueName\":\"search_term_string\"}}],\"inLanguage\":\"fr-FR\"},{\"@type\":\"Organization\",\"@id\":\"https:\/\/microsol-int.com\/#organization\",\"name\":\"Microsol\",\"url\":\"https:\/\/microsol-int.com\/\",\"logo\":{\"@type\":\"ImageObject\",\"inLanguage\":\"fr-FR\",\"@id\":\"https:\/\/microsol-int.com\/#\/schema\/logo\/image\/\",\"url\":\"https:\/\/microsol-int.com\/wp-content\/uploads\/2022\/12\/logo.svg\",\"contentUrl\":\"https:\/\/microsol-int.com\/wp-content\/uploads\/2022\/12\/logo.svg\",\"width\":186,\"height\":85,\"caption\":\"Microsol\"},\"image\":{\"@id\":\"https:\/\/microsol-int.com\/#\/schema\/logo\/image\/\"},\"sameAs\":[\"https:\/\/www.facebook.com\/MICROSOLint\",\"https:\/\/x.com\/MicrosolPeru\",\"https:\/\/www.linkedin.com\/company\/microsol\",\"https:\/\/www.youtube.com\/user\/MICROSOLint\/\"]},{\"@type\":\"Person\",\"@id\":\"https:\/\/microsol-int.com\/#\/schema\/person\/f4225f1e1b22cb2a9827ab9794e8a1db\",\"name\":\"Microsol\",\"image\":{\"@type\":\"ImageObject\",\"inLanguage\":\"fr-FR\",\"@id\":\"https:\/\/microsol-int.com\/#\/schema\/person\/image\/\",\"url\":\"https:\/\/secure.gravatar.com\/avatar\/1859ddf56d07fabb39040be6dc48d97fd159893e869a27012704371e955a99b6?s=96&d=mm&r=g\",\"contentUrl\":\"https:\/\/secure.gravatar.com\/avatar\/1859ddf56d07fabb39040be6dc48d97fd159893e869a27012704371e955a99b6?s=96&d=mm&r=g\",\"caption\":\"Microsol\"}}]}<\/script>\n<!-- \/ Yoast SEO Premium plugin. -->","yoast_head_json":{"title":"Microsol a particip\u00e9 en tant que conf\u00e9rencier au ClimateSeed Club 2023 \u00e0 Paris | Microsol","robots":{"index":"index","follow":"follow","max-snippet":"max-snippet:-1","max-image-preview":"max-image-preview:large","max-video-preview":"max-video-preview:-1"},"canonical":"https:\/\/microsol-int.com\/fr\/microsol-participe-en-tant-que-conferencier-au-climateseed-club-2023-a-paris\/","og_locale":"fr_FR","og_type":"article","og_title":"Microsol particip\u00f3 como ponente en el ClimateSeed Club 2023 en Par\u00eds","og_description":"El pasado 9 de noviembre, se desarroll\u00f3 el Climate Club 2023, organizado por la plataforma ClimateSeed, en la ciudad de Par\u00eds, Francia. Doroth\u00e9e Pie, CEO de Microsol, particip\u00f3 como ponente en la Mesa Redonda 2: \u201cRetiro de carbono y reducci\u00f3n de emisiones desde la fuente. Navegando obst\u00e1culos en financiaci\u00f3n de proyectos, selecci\u00f3n, desarrollo y contribuci\u00f3n\u201d. [&hellip;]","og_url":"https:\/\/microsol-int.com\/fr\/microsol-participe-en-tant-que-conferencier-au-climateseed-club-2023-a-paris\/","og_site_name":"Microsol","article_publisher":"https:\/\/www.facebook.com\/MICROSOLint","article_published_time":"2023-11-10T15:45:03+00:00","article_modified_time":"2023-11-27T17:27:25+00:00","og_image":[{"width":960,"height":720,"url":"https:\/\/microsol-int.com\/wp-content\/uploads\/2023\/11\/NDP-Microsol-x-CLimateSeed_2023.jpg","type":"image\/jpeg"}],"author":"Microsol","twitter_card":"summary_large_image","twitter_creator":"@MicrosolPeru","twitter_site":"@MicrosolPeru","twitter_misc":{"\u00c9crit par":"Microsol","Dur\u00e9e de lecture estim\u00e9e":"2 minutes"},"schema":{"@context":"https:\/\/schema.org","@graph":[{"@type":"Article","@id":"https:\/\/microsol-int.com\/microsol-participo-como-ponente-en-el-climateseed-club-2023-en-paris\/#article","isPartOf":{"@id":"https:\/\/microsol-int.com\/microsol-participo-como-ponente-en-el-climateseed-club-2023-en-paris\/"},"author":{"name":"Microsol","@id":"https:\/\/microsol-int.com\/#\/schema\/person\/f4225f1e1b22cb2a9827ab9794e8a1db"},"headline":"Microsol particip\u00f3 como ponente en el ClimateSeed Club 2023 en Par\u00eds","datePublished":"2023-11-10T15:45:03+00:00","dateModified":"2023-11-27T17:27:25+00:00","mainEntityOfPage":{"@id":"https:\/\/microsol-int.com\/microsol-participo-como-ponente-en-el-climateseed-club-2023-en-paris\/"},"wordCount":402,"commentCount":0,"publisher":{"@id":"https:\/\/microsol-int.com\/#organization"},"image":{"@id":"https:\/\/microsol-int.com\/microsol-participo-como-ponente-en-el-climateseed-club-2023-en-paris\/#primaryimage"},"thumbnailUrl":"https:\/\/microsol-int.com\/wp-content\/uploads\/2023\/11\/NDP-Microsol-x-CLimateSeed_2023.jpg","keywords":["mercado de carbono","reducci\u00f3n de emisiones","responsabilidad social"],"articleSection":["Notas de prensa"],"inLanguage":"fr-FR","potentialAction":[{"@type":"CommentAction","name":"Comment","target":["https:\/\/microsol-int.com\/microsol-participo-como-ponente-en-el-climateseed-club-2023-en-paris\/#respond"]}]},{"@type":"WebPage","@id":"https:\/\/microsol-int.com\/microsol-participo-como-ponente-en-el-climateseed-club-2023-en-paris\/","url":"https:\/\/microsol-int.com\/microsol-participo-como-ponente-en-el-climateseed-club-2023-en-paris\/","name":"Microsol a particip\u00e9 en tant que conf\u00e9rencier au ClimateSeed Club 2023 \u00e0 Paris | Microsol","isPartOf":{"@id":"https:\/\/microsol-int.com\/#website"},"primaryImageOfPage":{"@id":"https:\/\/microsol-int.com\/microsol-participo-como-ponente-en-el-climateseed-club-2023-en-paris\/#primaryimage"},"image":{"@id":"https:\/\/microsol-int.com\/microsol-participo-como-ponente-en-el-climateseed-club-2023-en-paris\/#primaryimage"},"thumbnailUrl":"https:\/\/microsol-int.com\/wp-content\/uploads\/2023\/11\/NDP-Microsol-x-CLimateSeed_2023.jpg","datePublished":"2023-11-10T15:45:03+00:00","dateModified":"2023-11-27T17:27:25+00:00","breadcrumb":{"@id":"https:\/\/microsol-int.com\/microsol-participo-como-ponente-en-el-climateseed-club-2023-en-paris\/#breadcrumb"},"inLanguage":"fr-FR","potentialAction":[{"@type":"ReadAction","target":["https:\/\/microsol-int.com\/microsol-participo-como-ponente-en-el-climateseed-club-2023-en-paris\/"]}]},{"@type":"ImageObject","inLanguage":"fr-FR","@id":"https:\/\/microsol-int.com\/microsol-participo-como-ponente-en-el-climateseed-club-2023-en-paris\/#primaryimage","url":"https:\/\/microsol-int.com\/wp-content\/uploads\/2023\/11\/NDP-Microsol-x-CLimateSeed_2023.jpg","contentUrl":"https:\/\/microsol-int.com\/wp-content\/uploads\/2023\/11\/NDP-Microsol-x-CLimateSeed_2023.jpg","width":960,"height":720},{"@type":"BreadcrumbList","@id":"https:\/\/microsol-int.com\/microsol-participo-como-ponente-en-el-climateseed-club-2023-en-paris\/#breadcrumb","itemListElement":[{"@type":"ListItem","position":1,"name":"Portada","item":"https:\/\/microsol-int.com\/"},{"@type":"ListItem","position":2,"name":"Microsol particip\u00f3 como ponente en el ClimateSeed Club 2023 en Par\u00eds"}]},{"@type":"WebSite","@id":"https:\/\/microsol-int.com\/#website","url":"https:\/\/microsol-int.com\/","name":"Microsol","description":"Une source d&#039;\u00e9nergie durable pour les familles dans le besoin","publisher":{"@id":"https:\/\/microsol-int.com\/#organization"},"potentialAction":[{"@type":"SearchAction","target":{"@type":"EntryPoint","urlTemplate":"https:\/\/microsol-int.com\/?s={search_term_string}"},"query-input":{"@type":"PropertyValueSpecification","valueRequired":true,"valueName":"search_term_string"}}],"inLanguage":"fr-FR"},{"@type":"Organization","@id":"https:\/\/microsol-int.com\/#organization","name":"Microsol","url":"https:\/\/microsol-int.com\/","logo":{"@type":"ImageObject","inLanguage":"fr-FR","@id":"https:\/\/microsol-int.com\/#\/schema\/logo\/image\/","url":"https:\/\/microsol-int.com\/wp-content\/uploads\/2022\/12\/logo.svg","contentUrl":"https:\/\/microsol-int.com\/wp-content\/uploads\/2022\/12\/logo.svg","width":186,"height":85,"caption":"Microsol"},"image":{"@id":"https:\/\/microsol-int.com\/#\/schema\/logo\/image\/"},"sameAs":["https:\/\/www.facebook.com\/MICROSOLint","https:\/\/x.com\/MicrosolPeru","https:\/\/www.linkedin.com\/company\/microsol","https:\/\/www.youtube.com\/user\/MICROSOLint\/"]},{"@type":"Person","@id":"https:\/\/microsol-int.com\/#\/schema\/person\/f4225f1e1b22cb2a9827ab9794e8a1db","name":"Microsol","image":{"@type":"ImageObject","inLanguage":"fr-FR","@id":"https:\/\/microsol-int.com\/#\/schema\/person\/image\/","url":"https:\/\/secure.gravatar.com\/avatar\/1859ddf56d07fabb39040be6dc48d97fd159893e869a27012704371e955a99b6?s=96&d=mm&r=g","contentUrl":"https:\/\/secure.gravatar.com\/avatar\/1859ddf56d07fabb39040be6dc48d97fd159893e869a27012704371e955a99b6?s=96&d=mm&r=g","caption":"Microsol"}}]}},"_links":{"self":[{"href":"https:\/\/microsol-int.com\/fr\/wp-json\/wp\/v2\/posts\/6611","targetHints":{"allow":["GET"]}}],"collection":[{"href":"https:\/\/microsol-int.com\/fr\/wp-json\/wp\/v2\/posts"}],"about":[{"href":"https:\/\/microsol-int.com\/fr\/wp-json\/wp\/v2\/types\/post"}],"author":[{"embeddable":true,"href":"https:\/\/microsol-int.com\/fr\/wp-json\/wp\/v2\/users\/4"}],"replies":[{"embeddable":true,"href":"https:\/\/microsol-int.com\/fr\/wp-json\/wp\/v2\/comments?post=6611"}],"version-history":[{"count":0,"href":"https:\/\/microsol-int.com\/fr\/wp-json\/wp\/v2\/posts\/6611\/revisions"}],"wp:featuredmedia":[{"embeddable":true,"href":"https:\/\/microsol-int.com\/fr\/wp-json\/wp\/v2\/media\/6655"}],"wp:attachment":[{"href":"https:\/\/microsol-int.com\/fr\/wp-json\/wp\/v2\/media?parent=6611"}],"wp:term":[{"taxonomy":"category","embeddable":true,"href":"https:\/\/microsol-int.com\/fr\/wp-json\/wp\/v2\/categories?post=6611"},{"taxonomy":"post_tag","embeddable":true,"href":"https:\/\/microsol-int.com\/fr\/wp-json\/wp\/v2\/tags?post=6611"}],"curies":[{"name":"wp","href":"https:\/\/api.w.org\/{rel}","templated":true}]}}