{"id":6079,"date":"2023-06-26T09:53:04","date_gmt":"2023-06-26T14:53:04","guid":{"rendered":"https:\/\/test.microsol-int.com\/?p=1511"},"modified":"2023-07-18T16:27:35","modified_gmt":"2023-07-18T21:27:35","slug":"microsol-presento-el-resumen-ejecutivo-de-la-consulta-publica-nacional-del-programa-tuki-wasi","status":"publish","type":"post","link":"https:\/\/microsol-int.com\/fr\/microsol-a-presente-le-resume-executif-de-la-consultation-publique-nationale-du-programme-tuki-wasi\/","title":{"rendered":"Microsol a pr\u00e9sent\u00e9 le r\u00e9sum\u00e9 ex\u00e9cutif de la consultation publique nationale du programme Tuki Wasi"},"content":{"rendered":"<div data-elementor-type=\"wp-post\" data-elementor-id=\"6079\" class=\"elementor elementor-6079\" data-elementor-post-type=\"post\">\n\t\t\t\t\t\t<section class=\"elementor-section elementor-top-section elementor-element elementor-element-5c288a79 elementor-section-boxed elementor-section-height-default elementor-section-height-default\" data-id=\"5c288a79\" data-element_type=\"section\" data-settings=\"{&quot;jet_parallax_layout_list&quot;:[],&quot;ekit_has_onepagescroll_dot&quot;:&quot;yes&quot;}\">\n\t\t\t\t\t\t<div class=\"elementor-container elementor-column-gap-default\">\n\t\t\t\t\t<div class=\"elementor-column elementor-col-100 elementor-top-column elementor-element elementor-element-5af70e16\" data-id=\"5af70e16\" data-element_type=\"column\">\n\t\t\t<div class=\"elementor-column-wrap--5af70e16 elementor-widget-wrap elementor-element-populated\">\n\t\t\t\t\t\t<div class=\"elementor-element elementor-element-5cf738bd elementor-widget elementor-widget-text-editor\" data-id=\"5cf738bd\" data-element_type=\"widget\" data-settings=\"{&quot;ekit_we_effect_on&quot;:&quot;none&quot;}\" data-widget_type=\"text-editor.default\">\n\t\t\t\t<div class=\"elementor-widget-container\">\n\t\t\t\t\t\t\t\t\t<p><span style=\"font-weight: 400;\">Dans le cadre du programme Tuki Wasi, l&#039;\u00e9v\u00e9nement virtuel &quot;R\u00e9sum\u00e9 ex\u00e9cutif du rapport final de la consultation publique nationale&quot; a eu lieu.\u00a0<\/span><\/p><p><span style=\"font-weight: 400;\">Une assistance virtuelle a \u00e9t\u00e9 fournie par 27 participants de diff\u00e9rentes institutions telles que MINAM, FONCODES, PROFONANPE, FISE, SENCICO, INACAL, PUCP, UNI, INKASOL, SBD, PASKAY, entre autres.\u00a0<\/span><\/p><p>\u00a0<span style=\"color: var( --e-global-color-text ); font-family: var( --e-global-typography-text-font-family ), Sans-serif; background-color: var(--body-bg-color);\">L&#039;ordre du jour de l&#039;\u00e9v\u00e9nement comprenait\u00a0: i) l&#039;importance de mener des consultations publiques nationales, ii) le r\u00e9sum\u00e9 de la consultation publique nationale du programme Tuki Wasi, iii) une s\u00e9rie de questions et iv) les conclusions finales de l&#039;\u00e9v\u00e9nement.\u00a0\u00a0<\/span><\/p><p>\u00a0<\/p><p><strong style=\"color: var( --e-global-color-text ); font-family: var( --e-global-typography-text-font-family ), Sans-serif; background-color: var(--body-bg-color);\">A propos de la Consultation Publique Nationale (CPN)\u00a0<\/strong><\/p><p><span style=\"font-weight: 400;\">Le CPN a commenc\u00e9 en septembre 2022 et a dur\u00e9 jusqu&#039;en f\u00e9vrier 2023.\u00a0<\/span><\/p><p><span style=\"font-weight: 400;\">L&#039;objectif et la port\u00e9e de l&#039;ensemble du processus \u00e9taient d&#039;informer les parties int\u00e9ress\u00e9es de la proposition et des caract\u00e9ristiques du programme, afin de recueillir les commentaires et les opinions des participants. Des informations ont \u00e9t\u00e9 fournies sur la conception du programme, telles que\u00a0: les technologies \u00e0 installer, les objectifs g\u00e9n\u00e9raux, l&#039;\u00e9chelle, la dur\u00e9e et le plan de mise en \u0153uvre. Les principales faiblesses et limites de la proposition, les \u00e9ventuels impacts \u00e9conomiques, sociaux et environnementaux, les principes de sauvegarde, entre autres sujets, ont \u00e9t\u00e9 discut\u00e9s. Toutes les contributions et commentaires des parties int\u00e9ress\u00e9es ont \u00e9t\u00e9 recueillis et analys\u00e9s afin d&#039;am\u00e9liorer le d\u00e9veloppement du Programme.<\/span><\/p><p><span style=\"font-weight: 400;\">Dans la derni\u00e8re partie du processus, Ruru Tarpuy et Microsol rendent publics les documents r\u00e9sultant du CPN du programme Tuki Wasi. Nous vous invitons \u00e0 saisir le lien suivant :<\/span><\/p><p><a href=\"https:\/\/shorturl.at\/hqDFI\"><b>Programme national de consultation publique Tuki Wasi\u00a0<\/b><\/a><\/p><p>\u00a0<span style=\"color: var( --e-global-color-text ); font-family: var( --e-global-typography-text-font-family ), Sans-serif; background-color: var(--body-bg-color);\">O\u00f9 vous pouvez trouver le rapport final du rapport, le r\u00e9sum\u00e9 ex\u00e9cutif, les annexes et les pr\u00e9sentations faites lors de l&#039;\u00e9v\u00e9nement virtuel. Ces informations seront disponibles, et librement accessibles, jusqu&#039;en septembre 2023.\u00a0<\/span><\/p><p><b><img fetchpriority=\"high\" decoding=\"async\" class=\"alignleft wp-image-1513\" src=\"https:\/\/test.microsol-int.com\/wp-content\/uploads\/2023\/06\/Nota-de-prensa-Resumen-Ejec.-CPN_2-300x225.jpg\" alt=\"\" width=\"460\" height=\"345\" \/><\/b><strong>\u00c0 propos du programme Tuki Wasi\u00a0<\/strong><\/p><p><span style=\"font-weight: 400;\">Dans le cadre de l&#039;accord bilat\u00e9ral entre le gouvernement suisse et le gouvernement p\u00e9ruvien, Microsol a sign\u00e9 un accord avec la Fondation Centime Climatique (CCF) et la Fondation KliK de Suisse, pour ex\u00e9cuter un programme qui g\u00e9n\u00e8re des r\u00e9sultats d&#039;att\u00e9nuation transf\u00e9r\u00e9s \u00e0 l&#039;international (ITMO, dans son acronyme en anglais) au titre de l&#039;article 6.2 de l&#039;Accord de Paris. Ainsi, le programme Tuki Wasi a \u00e9t\u00e9 cr\u00e9\u00e9, g\u00e9r\u00e9 par Ruru Tarpuy et Microsol, l&#039;un des premiers programmes ITMO pour les foyers am\u00e9lior\u00e9s au monde et le premier programme ITMO au P\u00e9rou.\u00a0<\/span><\/p><p><span style=\"font-weight: 400;\">Le programme Tuki Wasi esp\u00e8re installer 60 000 foyers am\u00e9lior\u00e9s dans tout le pays, ce qui profitera \u00e0 environ 300 000 personnes dans les zones vuln\u00e9rables du pays. A travers celles-ci, l&#039;objectif est de r\u00e9duire les \u00e9missions de GES entre 480 000 et 960 000 tCO2e d&#039;ici 2030.<\/span><\/p>\t\t\t\t\t\t\t\t<\/div>\n\t\t\t\t<\/div>\n\t\t\t\t\t<\/div>\n\t\t<\/div>\n\t\t\t\t\t<\/div>\n\t\t<\/section>\n\t\t\t\t<\/div>","protected":false},"excerpt":{"rendered":"<p>Dans le cadre du programme Tuki Wasi, l&#039;\u00e9v\u00e9nement virtuel &quot;R\u00e9sum\u00e9 ex\u00e9cutif du rapport final de la consultation publique nationale&quot; a eu lieu. La participation virtuelle a \u00e9t\u00e9 assur\u00e9e par 27 participants de diff\u00e9rentes institutions telles que MINAM, FONCODES, PROFONANPE, FISE, SENCICO, INACAL, PUCP, UNI, INKASOL, SBD, PASKAY, entre autres. L&#039;ordre du jour de l&#039;\u00e9v\u00e9nement consistait en: i) [\u2026]<\/p>","protected":false},"author":4,"featured_media":6170,"comment_status":"open","ping_status":"open","sticky":false,"template":"","format":"standard","meta":{"_acf_changed":false,"footnotes":""},"categories":[7],"tags":[],"class_list":["post-6079","post","type-post","status-publish","format-standard","has-post-thumbnail","hentry","category-notas-de-prensa"],"acf":[],"yoast_head":"<!-- This site is optimized with the Yoast SEO Premium plugin v23.5 (Yoast SEO v26.4) - https:\/\/yoast.com\/wordpress\/plugins\/seo\/ -->\n<title>Microsol present\u00f3 el Resumen Ejecutivo de la Consulta P\u00fablica Nacional del Programa Tuki Wasi | Microsol<\/title>\n<meta name=\"description\" content=\"En el marco del Programa Tuki Wasi, se realiz\u00f3 el evento virtual \u201cResumen Ejecutivo del Informe final de la Consulta P\u00fablica Nacional\u201d.\" \/>\n<meta name=\"robots\" content=\"index, follow, max-snippet:-1, max-image-preview:large, max-video-preview:-1\" \/>\n<link rel=\"canonical\" href=\"https:\/\/microsol-int.com\/fr\/microsol-a-presente-le-resume-executif-de-la-consultation-publique-nationale-du-programme-tuki-wasi\/\" \/>\n<meta property=\"og:locale\" content=\"fr_FR\" \/>\n<meta property=\"og:type\" content=\"article\" \/>\n<meta property=\"og:title\" content=\"Microsol present\u00f3 el Resumen Ejecutivo de la Consulta P\u00fablica Nacional del Programa Tuki Wasi\" \/>\n<meta property=\"og:description\" content=\"En el marco del Programa Tuki Wasi, se realiz\u00f3 el evento virtual \u201cResumen Ejecutivo del Informe final de la Consulta P\u00fablica Nacional\u201d.\" \/>\n<meta property=\"og:url\" content=\"https:\/\/microsol-int.com\/fr\/microsol-a-presente-le-resume-executif-de-la-consultation-publique-nationale-du-programme-tuki-wasi\/\" \/>\n<meta property=\"og:site_name\" content=\"Microsol\" \/>\n<meta property=\"article:publisher\" content=\"https:\/\/www.facebook.com\/MICROSOLint\" \/>\n<meta property=\"article:published_time\" content=\"2023-06-26T14:53:04+00:00\" \/>\n<meta property=\"article:modified_time\" content=\"2023-07-18T21:27:35+00:00\" \/>\n<meta property=\"og:image\" content=\"https:\/\/microsol-int.com\/wp-content\/uploads\/2023\/06\/Nota-de-prensa-Resumen-Ejec.-CPN_-1.jpg\" \/>\n\t<meta property=\"og:image:width\" content=\"960\" \/>\n\t<meta property=\"og:image:height\" content=\"720\" \/>\n\t<meta property=\"og:image:type\" content=\"image\/jpeg\" \/>\n<meta name=\"author\" content=\"Microsol\" \/>\n<meta name=\"twitter:card\" content=\"summary_large_image\" \/>\n<meta name=\"twitter:creator\" content=\"@MicrosolPeru\" \/>\n<meta name=\"twitter:site\" content=\"@MicrosolPeru\" \/>\n<meta name=\"twitter:label1\" content=\"\u00c9crit par\" \/>\n\t<meta name=\"twitter:data1\" content=\"Microsol\" \/>\n\t<meta name=\"twitter:label2\" content=\"Dur\u00e9e de lecture estim\u00e9e\" \/>\n\t<meta name=\"twitter:data2\" content=\"3 minutes\" \/>\n<script type=\"application\/ld+json\" class=\"yoast-schema-graph\">{\"@context\":\"https:\/\/schema.org\",\"@graph\":[{\"@type\":\"Article\",\"@id\":\"https:\/\/microsol-int.com\/microsol-presento-el-resumen-ejecutivo-de-la-consulta-publica-nacional-del-programa-tuki-wasi\/#article\",\"isPartOf\":{\"@id\":\"https:\/\/microsol-int.com\/microsol-presento-el-resumen-ejecutivo-de-la-consulta-publica-nacional-del-programa-tuki-wasi\/\"},\"author\":{\"name\":\"Microsol\",\"@id\":\"https:\/\/microsol-int.com\/#\/schema\/person\/f4225f1e1b22cb2a9827ab9794e8a1db\"},\"headline\":\"Microsol present\u00f3 el Resumen Ejecutivo de la Consulta P\u00fablica Nacional del Programa Tuki Wasi\",\"datePublished\":\"2023-06-26T14:53:04+00:00\",\"dateModified\":\"2023-07-18T21:27:35+00:00\",\"mainEntityOfPage\":{\"@id\":\"https:\/\/microsol-int.com\/microsol-presento-el-resumen-ejecutivo-de-la-consulta-publica-nacional-del-programa-tuki-wasi\/\"},\"wordCount\":448,\"commentCount\":0,\"publisher\":{\"@id\":\"https:\/\/microsol-int.com\/#organization\"},\"image\":{\"@id\":\"https:\/\/microsol-int.com\/microsol-presento-el-resumen-ejecutivo-de-la-consulta-publica-nacional-del-programa-tuki-wasi\/#primaryimage\"},\"thumbnailUrl\":\"https:\/\/microsol-int.com\/wp-content\/uploads\/2023\/06\/Nota-de-prensa-Resumen-Ejec.-CPN_-1.jpg\",\"articleSection\":[\"Notas de prensa\"],\"inLanguage\":\"fr-FR\",\"potentialAction\":[{\"@type\":\"CommentAction\",\"name\":\"Comment\",\"target\":[\"https:\/\/microsol-int.com\/microsol-presento-el-resumen-ejecutivo-de-la-consulta-publica-nacional-del-programa-tuki-wasi\/#respond\"]}]},{\"@type\":\"WebPage\",\"@id\":\"https:\/\/microsol-int.com\/microsol-presento-el-resumen-ejecutivo-de-la-consulta-publica-nacional-del-programa-tuki-wasi\/\",\"url\":\"https:\/\/microsol-int.com\/microsol-presento-el-resumen-ejecutivo-de-la-consulta-publica-nacional-del-programa-tuki-wasi\/\",\"name\":\"Microsol present\u00f3 el Resumen Ejecutivo de la Consulta P\u00fablica Nacional del Programa Tuki Wasi | Microsol\",\"isPartOf\":{\"@id\":\"https:\/\/microsol-int.com\/#website\"},\"primaryImageOfPage\":{\"@id\":\"https:\/\/microsol-int.com\/microsol-presento-el-resumen-ejecutivo-de-la-consulta-publica-nacional-del-programa-tuki-wasi\/#primaryimage\"},\"image\":{\"@id\":\"https:\/\/microsol-int.com\/microsol-presento-el-resumen-ejecutivo-de-la-consulta-publica-nacional-del-programa-tuki-wasi\/#primaryimage\"},\"thumbnailUrl\":\"https:\/\/microsol-int.com\/wp-content\/uploads\/2023\/06\/Nota-de-prensa-Resumen-Ejec.-CPN_-1.jpg\",\"datePublished\":\"2023-06-26T14:53:04+00:00\",\"dateModified\":\"2023-07-18T21:27:35+00:00\",\"description\":\"En el marco del Programa Tuki Wasi, se realiz\u00f3 el evento virtual \u201cResumen Ejecutivo del Informe final de la Consulta P\u00fablica Nacional\u201d.\",\"breadcrumb\":{\"@id\":\"https:\/\/microsol-int.com\/microsol-presento-el-resumen-ejecutivo-de-la-consulta-publica-nacional-del-programa-tuki-wasi\/#breadcrumb\"},\"inLanguage\":\"fr-FR\",\"potentialAction\":[{\"@type\":\"ReadAction\",\"target\":[\"https:\/\/microsol-int.com\/microsol-presento-el-resumen-ejecutivo-de-la-consulta-publica-nacional-del-programa-tuki-wasi\/\"]}]},{\"@type\":\"ImageObject\",\"inLanguage\":\"fr-FR\",\"@id\":\"https:\/\/microsol-int.com\/microsol-presento-el-resumen-ejecutivo-de-la-consulta-publica-nacional-del-programa-tuki-wasi\/#primaryimage\",\"url\":\"https:\/\/microsol-int.com\/wp-content\/uploads\/2023\/06\/Nota-de-prensa-Resumen-Ejec.-CPN_-1.jpg\",\"contentUrl\":\"https:\/\/microsol-int.com\/wp-content\/uploads\/2023\/06\/Nota-de-prensa-Resumen-Ejec.-CPN_-1.jpg\",\"width\":960,\"height\":720},{\"@type\":\"BreadcrumbList\",\"@id\":\"https:\/\/microsol-int.com\/microsol-presento-el-resumen-ejecutivo-de-la-consulta-publica-nacional-del-programa-tuki-wasi\/#breadcrumb\",\"itemListElement\":[{\"@type\":\"ListItem\",\"position\":1,\"name\":\"Portada\",\"item\":\"https:\/\/microsol-int.com\/\"},{\"@type\":\"ListItem\",\"position\":2,\"name\":\"Microsol present\u00f3 el Resumen Ejecutivo de la Consulta P\u00fablica Nacional del Programa Tuki Wasi\"}]},{\"@type\":\"WebSite\",\"@id\":\"https:\/\/microsol-int.com\/#website\",\"url\":\"https:\/\/microsol-int.com\/\",\"name\":\"Microsol\",\"description\":\"Una fuente de energ\u00eda sostenible para familias que lo necesitan\",\"publisher\":{\"@id\":\"https:\/\/microsol-int.com\/#organization\"},\"potentialAction\":[{\"@type\":\"SearchAction\",\"target\":{\"@type\":\"EntryPoint\",\"urlTemplate\":\"https:\/\/microsol-int.com\/?s={search_term_string}\"},\"query-input\":{\"@type\":\"PropertyValueSpecification\",\"valueRequired\":true,\"valueName\":\"search_term_string\"}}],\"inLanguage\":\"fr-FR\"},{\"@type\":\"Organization\",\"@id\":\"https:\/\/microsol-int.com\/#organization\",\"name\":\"Microsol\",\"url\":\"https:\/\/microsol-int.com\/\",\"logo\":{\"@type\":\"ImageObject\",\"inLanguage\":\"fr-FR\",\"@id\":\"https:\/\/microsol-int.com\/#\/schema\/logo\/image\/\",\"url\":\"https:\/\/microsol-int.com\/wp-content\/uploads\/2022\/12\/logo.svg\",\"contentUrl\":\"https:\/\/microsol-int.com\/wp-content\/uploads\/2022\/12\/logo.svg\",\"width\":186,\"height\":85,\"caption\":\"Microsol\"},\"image\":{\"@id\":\"https:\/\/microsol-int.com\/#\/schema\/logo\/image\/\"},\"sameAs\":[\"https:\/\/www.facebook.com\/MICROSOLint\",\"https:\/\/x.com\/MicrosolPeru\",\"https:\/\/www.linkedin.com\/company\/microsol\",\"https:\/\/www.youtube.com\/user\/MICROSOLint\/\"]},{\"@type\":\"Person\",\"@id\":\"https:\/\/microsol-int.com\/#\/schema\/person\/f4225f1e1b22cb2a9827ab9794e8a1db\",\"name\":\"Microsol\",\"image\":{\"@type\":\"ImageObject\",\"inLanguage\":\"fr-FR\",\"@id\":\"https:\/\/microsol-int.com\/#\/schema\/person\/image\/\",\"url\":\"https:\/\/secure.gravatar.com\/avatar\/1859ddf56d07fabb39040be6dc48d97fd159893e869a27012704371e955a99b6?s=96&d=mm&r=g\",\"contentUrl\":\"https:\/\/secure.gravatar.com\/avatar\/1859ddf56d07fabb39040be6dc48d97fd159893e869a27012704371e955a99b6?s=96&d=mm&r=g\",\"caption\":\"Microsol\"}}]}<\/script>\n<!-- \/ Yoast SEO Premium plugin. -->","yoast_head_json":{"title":"Microsol a pr\u00e9sent\u00e9 le r\u00e9sum\u00e9 ex\u00e9cutif de la consultation publique nationale du programme Tuki Wasi | microsol","description":"Dans le cadre du programme Tuki Wasi, l&#039;\u00e9v\u00e9nement virtuel &quot;R\u00e9sum\u00e9 ex\u00e9cutif du rapport final de la consultation publique nationale&quot; a eu lieu.","robots":{"index":"index","follow":"follow","max-snippet":"max-snippet:-1","max-image-preview":"max-image-preview:large","max-video-preview":"max-video-preview:-1"},"canonical":"https:\/\/microsol-int.com\/fr\/microsol-a-presente-le-resume-executif-de-la-consultation-publique-nationale-du-programme-tuki-wasi\/","og_locale":"fr_FR","og_type":"article","og_title":"Microsol present\u00f3 el Resumen Ejecutivo de la Consulta P\u00fablica Nacional del Programa Tuki Wasi","og_description":"En el marco del Programa Tuki Wasi, se realiz\u00f3 el evento virtual \u201cResumen Ejecutivo del Informe final de la Consulta P\u00fablica Nacional\u201d.","og_url":"https:\/\/microsol-int.com\/fr\/microsol-a-presente-le-resume-executif-de-la-consultation-publique-nationale-du-programme-tuki-wasi\/","og_site_name":"Microsol","article_publisher":"https:\/\/www.facebook.com\/MICROSOLint","article_published_time":"2023-06-26T14:53:04+00:00","article_modified_time":"2023-07-18T21:27:35+00:00","og_image":[{"width":960,"height":720,"url":"https:\/\/microsol-int.com\/wp-content\/uploads\/2023\/06\/Nota-de-prensa-Resumen-Ejec.-CPN_-1.jpg","type":"image\/jpeg"}],"author":"Microsol","twitter_card":"summary_large_image","twitter_creator":"@MicrosolPeru","twitter_site":"@MicrosolPeru","twitter_misc":{"\u00c9crit par":"Microsol","Dur\u00e9e de lecture estim\u00e9e":"3 minutes"},"schema":{"@context":"https:\/\/schema.org","@graph":[{"@type":"Article","@id":"https:\/\/microsol-int.com\/microsol-presento-el-resumen-ejecutivo-de-la-consulta-publica-nacional-del-programa-tuki-wasi\/#article","isPartOf":{"@id":"https:\/\/microsol-int.com\/microsol-presento-el-resumen-ejecutivo-de-la-consulta-publica-nacional-del-programa-tuki-wasi\/"},"author":{"name":"Microsol","@id":"https:\/\/microsol-int.com\/#\/schema\/person\/f4225f1e1b22cb2a9827ab9794e8a1db"},"headline":"Microsol present\u00f3 el Resumen Ejecutivo de la Consulta P\u00fablica Nacional del Programa Tuki Wasi","datePublished":"2023-06-26T14:53:04+00:00","dateModified":"2023-07-18T21:27:35+00:00","mainEntityOfPage":{"@id":"https:\/\/microsol-int.com\/microsol-presento-el-resumen-ejecutivo-de-la-consulta-publica-nacional-del-programa-tuki-wasi\/"},"wordCount":448,"commentCount":0,"publisher":{"@id":"https:\/\/microsol-int.com\/#organization"},"image":{"@id":"https:\/\/microsol-int.com\/microsol-presento-el-resumen-ejecutivo-de-la-consulta-publica-nacional-del-programa-tuki-wasi\/#primaryimage"},"thumbnailUrl":"https:\/\/microsol-int.com\/wp-content\/uploads\/2023\/06\/Nota-de-prensa-Resumen-Ejec.-CPN_-1.jpg","articleSection":["Notas de prensa"],"inLanguage":"fr-FR","potentialAction":[{"@type":"CommentAction","name":"Comment","target":["https:\/\/microsol-int.com\/microsol-presento-el-resumen-ejecutivo-de-la-consulta-publica-nacional-del-programa-tuki-wasi\/#respond"]}]},{"@type":"WebPage","@id":"https:\/\/microsol-int.com\/microsol-presento-el-resumen-ejecutivo-de-la-consulta-publica-nacional-del-programa-tuki-wasi\/","url":"https:\/\/microsol-int.com\/microsol-presento-el-resumen-ejecutivo-de-la-consulta-publica-nacional-del-programa-tuki-wasi\/","name":"Microsol a pr\u00e9sent\u00e9 le r\u00e9sum\u00e9 ex\u00e9cutif de la consultation publique nationale du programme Tuki Wasi | microsol","isPartOf":{"@id":"https:\/\/microsol-int.com\/#website"},"primaryImageOfPage":{"@id":"https:\/\/microsol-int.com\/microsol-presento-el-resumen-ejecutivo-de-la-consulta-publica-nacional-del-programa-tuki-wasi\/#primaryimage"},"image":{"@id":"https:\/\/microsol-int.com\/microsol-presento-el-resumen-ejecutivo-de-la-consulta-publica-nacional-del-programa-tuki-wasi\/#primaryimage"},"thumbnailUrl":"https:\/\/microsol-int.com\/wp-content\/uploads\/2023\/06\/Nota-de-prensa-Resumen-Ejec.-CPN_-1.jpg","datePublished":"2023-06-26T14:53:04+00:00","dateModified":"2023-07-18T21:27:35+00:00","description":"Dans le cadre du programme Tuki Wasi, l&#039;\u00e9v\u00e9nement virtuel &quot;R\u00e9sum\u00e9 ex\u00e9cutif du rapport final de la consultation publique nationale&quot; a eu lieu.","breadcrumb":{"@id":"https:\/\/microsol-int.com\/microsol-presento-el-resumen-ejecutivo-de-la-consulta-publica-nacional-del-programa-tuki-wasi\/#breadcrumb"},"inLanguage":"fr-FR","potentialAction":[{"@type":"ReadAction","target":["https:\/\/microsol-int.com\/microsol-presento-el-resumen-ejecutivo-de-la-consulta-publica-nacional-del-programa-tuki-wasi\/"]}]},{"@type":"ImageObject","inLanguage":"fr-FR","@id":"https:\/\/microsol-int.com\/microsol-presento-el-resumen-ejecutivo-de-la-consulta-publica-nacional-del-programa-tuki-wasi\/#primaryimage","url":"https:\/\/microsol-int.com\/wp-content\/uploads\/2023\/06\/Nota-de-prensa-Resumen-Ejec.-CPN_-1.jpg","contentUrl":"https:\/\/microsol-int.com\/wp-content\/uploads\/2023\/06\/Nota-de-prensa-Resumen-Ejec.-CPN_-1.jpg","width":960,"height":720},{"@type":"BreadcrumbList","@id":"https:\/\/microsol-int.com\/microsol-presento-el-resumen-ejecutivo-de-la-consulta-publica-nacional-del-programa-tuki-wasi\/#breadcrumb","itemListElement":[{"@type":"ListItem","position":1,"name":"Portada","item":"https:\/\/microsol-int.com\/"},{"@type":"ListItem","position":2,"name":"Microsol present\u00f3 el Resumen Ejecutivo de la Consulta P\u00fablica Nacional del Programa Tuki Wasi"}]},{"@type":"WebSite","@id":"https:\/\/microsol-int.com\/#website","url":"https:\/\/microsol-int.com\/","name":"Microsol","description":"Une source d&#039;\u00e9nergie durable pour les familles dans le besoin","publisher":{"@id":"https:\/\/microsol-int.com\/#organization"},"potentialAction":[{"@type":"SearchAction","target":{"@type":"EntryPoint","urlTemplate":"https:\/\/microsol-int.com\/?s={search_term_string}"},"query-input":{"@type":"PropertyValueSpecification","valueRequired":true,"valueName":"search_term_string"}}],"inLanguage":"fr-FR"},{"@type":"Organization","@id":"https:\/\/microsol-int.com\/#organization","name":"Microsol","url":"https:\/\/microsol-int.com\/","logo":{"@type":"ImageObject","inLanguage":"fr-FR","@id":"https:\/\/microsol-int.com\/#\/schema\/logo\/image\/","url":"https:\/\/microsol-int.com\/wp-content\/uploads\/2022\/12\/logo.svg","contentUrl":"https:\/\/microsol-int.com\/wp-content\/uploads\/2022\/12\/logo.svg","width":186,"height":85,"caption":"Microsol"},"image":{"@id":"https:\/\/microsol-int.com\/#\/schema\/logo\/image\/"},"sameAs":["https:\/\/www.facebook.com\/MICROSOLint","https:\/\/x.com\/MicrosolPeru","https:\/\/www.linkedin.com\/company\/microsol","https:\/\/www.youtube.com\/user\/MICROSOLint\/"]},{"@type":"Person","@id":"https:\/\/microsol-int.com\/#\/schema\/person\/f4225f1e1b22cb2a9827ab9794e8a1db","name":"Microsol","image":{"@type":"ImageObject","inLanguage":"fr-FR","@id":"https:\/\/microsol-int.com\/#\/schema\/person\/image\/","url":"https:\/\/secure.gravatar.com\/avatar\/1859ddf56d07fabb39040be6dc48d97fd159893e869a27012704371e955a99b6?s=96&d=mm&r=g","contentUrl":"https:\/\/secure.gravatar.com\/avatar\/1859ddf56d07fabb39040be6dc48d97fd159893e869a27012704371e955a99b6?s=96&d=mm&r=g","caption":"Microsol"}}]}},"_links":{"self":[{"href":"https:\/\/microsol-int.com\/fr\/wp-json\/wp\/v2\/posts\/6079","targetHints":{"allow":["GET"]}}],"collection":[{"href":"https:\/\/microsol-int.com\/fr\/wp-json\/wp\/v2\/posts"}],"about":[{"href":"https:\/\/microsol-int.com\/fr\/wp-json\/wp\/v2\/types\/post"}],"author":[{"embeddable":true,"href":"https:\/\/microsol-int.com\/fr\/wp-json\/wp\/v2\/users\/4"}],"replies":[{"embeddable":true,"href":"https:\/\/microsol-int.com\/fr\/wp-json\/wp\/v2\/comments?post=6079"}],"version-history":[{"count":0,"href":"https:\/\/microsol-int.com\/fr\/wp-json\/wp\/v2\/posts\/6079\/revisions"}],"wp:featuredmedia":[{"embeddable":true,"href":"https:\/\/microsol-int.com\/fr\/wp-json\/wp\/v2\/media\/6170"}],"wp:attachment":[{"href":"https:\/\/microsol-int.com\/fr\/wp-json\/wp\/v2\/media?parent=6079"}],"wp:term":[{"taxonomy":"category","embeddable":true,"href":"https:\/\/microsol-int.com\/fr\/wp-json\/wp\/v2\/categories?post=6079"},{"taxonomy":"post_tag","embeddable":true,"href":"https:\/\/microsol-int.com\/fr\/wp-json\/wp\/v2\/tags?post=6079"}],"curies":[{"name":"wp","href":"https:\/\/api.w.org\/{rel}","templated":true}]}}