{"id":6068,"date":"2023-01-30T11:49:17","date_gmt":"2023-01-30T16:49:17","guid":{"rendered":"https:\/\/test.microsol-int.com\/?p=1441"},"modified":"2023-07-18T16:37:10","modified_gmt":"2023-07-18T21:37:10","slug":"microsol-y-aenor-se-unen-para-la-validacion-del-primer-itmo-de-cocinas-mejoradas-en-el-peru-2","status":"publish","type":"post","link":"https:\/\/microsol-int.com\/fr\/microsol-et-aenor-se-rallient-pour-la-validation-de-la-premiere-itmo-de-foyers-ameliores-au-perou-2\/","title":{"rendered":"Microsol et AENOR s&#039;associent pour valider la premi\u00e8re ITMO de foyers am\u00e9lior\u00e9s au P\u00e9rou"},"content":{"rendered":"<p>Dans le cadre de la mise en \u0153uvre du projet de foyers am\u00e9lior\u00e9s Tuki Wasi, Microsol signe avec AENOR la validation des actions d&#039;att\u00e9nuation ; exigence essentielle dans le processus de certification des r\u00e9ductions d&#039;\u00e9missions et leur transfert ult\u00e9rieur dans le cadre de l&#039;accord bilat\u00e9ral entre le P\u00e9rou et la Suisse.<\/p>\n<p>Le processus de validation du projet Tuki Wasi est essentiel pour l&#039;autorisation du transfert des r\u00e9ductions d&#039;\u00e9missions et sera enregistr\u00e9 et approuv\u00e9 par le biais du futur Registre national des mesures d&#039;att\u00e9nuation des gaz \u00e0 effet de serre (RENAMI), qui est en cours de mise en \u0153uvre par le Minist\u00e8re de l&#039;Environnement du P\u00e9rou.<\/p>\n<p><strong>\u00c0 propos du projet Tuki Wasi<img fetchpriority=\"high\" decoding=\"async\" class=\"wp-image-1447 alignleft\" src=\"https:\/\/test.microsol-int.com\/wp-content\/uploads\/2023\/01\/Nota-de-prensa-AENOR-2023_1-300x225.png\" alt=\"\" width=\"521\" height=\"391\" \/><\/strong><\/p>\n<p>En novembre 2021, Microsol a sign\u00e9 un accord avec les institutions suisses Climate Cent Foundation (CCF) et KliK Foundation pour l&#039;achat de Mitigation Results (ITMO) au titre de l&#039;article 6.2 de l&#039;Accord de Paris. Ainsi, le projet Tuki Wasi a \u00e9t\u00e9 cr\u00e9\u00e9, qui sera le premier projet de ce type au P\u00e9rou et l&#039;un des premiers au monde.<\/p>\n<p>Microsol, avec le soutien de partenaires locaux tels que CAP Social \u00e0 Hu\u00e1nuco, Inkasol \u00e0 La Libertad, SBD \u00e0 Cajamarca et d&#039;autres partenaires potentiels, pr\u00e9voit d&#039;installer 60 000 foyers am\u00e9lior\u00e9s dans tout le pays dans le cadre du projet, ce qui b\u00e9n\u00e9ficiera \u00e0 environ 300 000 personnes dans les zones vuln\u00e9rables. du pays, et on estime qu&#039;il g\u00e9n\u00e9rera entre 480 000 et 960 000 tCO2e d&#039;ici 2030.<\/p>\n<p><strong>\u00c0 propos des cuisines am\u00e9lior\u00e9es<\/strong><\/p>\n<p>L\u2019utilisation de cuisini\u00e8res \u00e0 foyers am\u00e9lior\u00e9s permet une meilleure efficacit\u00e9 du processus de combustion, et ainsi la r\u00e9duction de la consommation de bois et la diminution des \u00e9missions de gaz \u00e0 effet de serre. En parall\u00e8le, l'installation de chemin\u00e9e associ\u00e9e \u00e0 la cuisini\u00e8re \u00e0 foyer am\u00e9lior\u00e9 permet l'expulsion des fum\u00e9es toxiques \u00e0 l\u2019ext\u00e9rieur de l\u2019habitat ce qui r\u00e9duit significativement la pollution intra-domiciliaire et le risque de maladies respiratoires.<\/p>\n<p><strong>\u00c0 propos de l&#039;AENOR<\/strong><\/p>\n<p>AENOR est une soci\u00e9t\u00e9 d&#039;audit leader dans la certification des syst\u00e8mes de gestion, des produits, des services et de la durabilit\u00e9 environnementale.<\/p>","protected":false},"excerpt":{"rendered":"<p>Dans le cadre de la mise en \u0153uvre du projet de foyers am\u00e9lior\u00e9s Tuki Wasi, Microsol signe avec AENOR la validation des actions d&#039;att\u00e9nuation ; exigence essentielle dans le processus de certification des r\u00e9ductions d&#039;\u00e9missions et leur transfert ult\u00e9rieur dans le cadre de l&#039;accord bilat\u00e9ral entre le P\u00e9rou et la Suisse. Le processus de validation du [\u2026]<\/p>","protected":false},"author":4,"featured_media":6173,"comment_status":"open","ping_status":"open","sticky":false,"template":"","format":"standard","meta":{"_acf_changed":false,"footnotes":""},"categories":[7],"tags":[93,34,63,92,11],"class_list":["post-6068","post","type-post","status-publish","format-standard","has-post-thumbnail","hentry","category-notas-de-prensa","tag-aenor","tag-itmo","tag-microsol","tag-renami","tag-tuki-wasi"],"acf":[],"yoast_head":"<!-- This site is optimized with the Yoast SEO Premium plugin v23.5 (Yoast SEO v26.4) - https:\/\/yoast.com\/wordpress\/plugins\/seo\/ -->\n<title>Microsol y AENOR se unen para la validaci\u00f3n del primer ITMO de cocinas mejoradas en el Per\u00fa | Microsol<\/title>\n<meta name=\"robots\" content=\"index, follow, max-snippet:-1, max-image-preview:large, max-video-preview:-1\" \/>\n<link rel=\"canonical\" href=\"https:\/\/microsol-int.com\/fr\/microsol-et-aenor-se-rallient-pour-la-validation-de-la-premiere-itmo-de-foyers-ameliores-au-perou-2\/\" \/>\n<meta property=\"og:locale\" content=\"fr_FR\" \/>\n<meta property=\"og:type\" content=\"article\" \/>\n<meta property=\"og:title\" content=\"Microsol y AENOR se unen para la validaci\u00f3n del primer ITMO de cocinas mejoradas en el Per\u00fa\" \/>\n<meta property=\"og:description\" content=\"En el marco de la implementaci\u00f3n del proyecto de cocinas mejoradas Tuki Wasi, Microsol firma con AENOR la validaci\u00f3n de las acciones de mitigaci\u00f3n; requisito indispensable en el proceso de certificaci\u00f3n de las reducciones de emisiones y su posterior transferencia en el contexto del acuerdo bilateral entre Per\u00fa y Suiza. El proceso de validaci\u00f3n del [&hellip;]\" \/>\n<meta property=\"og:url\" content=\"https:\/\/microsol-int.com\/fr\/microsol-et-aenor-se-rallient-pour-la-validation-de-la-premiere-itmo-de-foyers-ameliores-au-perou-2\/\" \/>\n<meta property=\"og:site_name\" content=\"Microsol\" \/>\n<meta property=\"article:publisher\" content=\"https:\/\/www.facebook.com\/MICROSOLint\" \/>\n<meta property=\"article:published_time\" content=\"2023-01-30T16:49:17+00:00\" \/>\n<meta property=\"article:modified_time\" content=\"2023-07-18T21:37:10+00:00\" \/>\n<meta property=\"og:image\" content=\"https:\/\/microsol-int.com\/wp-content\/uploads\/2023\/01\/Nota-de-prensa-AENOR-2023cover-1.png\" \/>\n\t<meta property=\"og:image:width\" content=\"960\" \/>\n\t<meta property=\"og:image:height\" content=\"720\" \/>\n\t<meta property=\"og:image:type\" content=\"image\/png\" \/>\n<meta name=\"author\" content=\"Microsol\" \/>\n<meta name=\"twitter:card\" content=\"summary_large_image\" \/>\n<meta name=\"twitter:creator\" content=\"@MicrosolPeru\" \/>\n<meta name=\"twitter:site\" content=\"@MicrosolPeru\" \/>\n<meta name=\"twitter:label1\" content=\"\u00c9crit par\" \/>\n\t<meta name=\"twitter:data1\" content=\"Microsol\" \/>\n\t<meta name=\"twitter:label2\" content=\"Dur\u00e9e de lecture estim\u00e9e\" \/>\n\t<meta name=\"twitter:data2\" content=\"2 minutes\" \/>\n<script type=\"application\/ld+json\" class=\"yoast-schema-graph\">{\"@context\":\"https:\/\/schema.org\",\"@graph\":[{\"@type\":\"Article\",\"@id\":\"https:\/\/microsol-int.com\/microsol-y-aenor-se-unen-para-la-validacion-del-primer-itmo-de-cocinas-mejoradas-en-el-peru-2\/#article\",\"isPartOf\":{\"@id\":\"https:\/\/microsol-int.com\/microsol-y-aenor-se-unen-para-la-validacion-del-primer-itmo-de-cocinas-mejoradas-en-el-peru-2\/\"},\"author\":{\"name\":\"Microsol\",\"@id\":\"https:\/\/microsol-int.com\/#\/schema\/person\/f4225f1e1b22cb2a9827ab9794e8a1db\"},\"headline\":\"Microsol y AENOR se unen para la validaci\u00f3n del primer ITMO de cocinas mejoradas en el Per\u00fa\",\"datePublished\":\"2023-01-30T16:49:17+00:00\",\"dateModified\":\"2023-07-18T21:37:10+00:00\",\"mainEntityOfPage\":{\"@id\":\"https:\/\/microsol-int.com\/microsol-y-aenor-se-unen-para-la-validacion-del-primer-itmo-de-cocinas-mejoradas-en-el-peru-2\/\"},\"wordCount\":351,\"commentCount\":0,\"publisher\":{\"@id\":\"https:\/\/microsol-int.com\/#organization\"},\"image\":{\"@id\":\"https:\/\/microsol-int.com\/microsol-y-aenor-se-unen-para-la-validacion-del-primer-itmo-de-cocinas-mejoradas-en-el-peru-2\/#primaryimage\"},\"thumbnailUrl\":\"https:\/\/microsol-int.com\/wp-content\/uploads\/2023\/01\/Nota-de-prensa-AENOR-2023cover-1.png\",\"keywords\":[\"AENOR\",\"ITMO\",\"Microsol\",\"RENAMI\",\"Tuki wasi\"],\"articleSection\":[\"Notas de prensa\"],\"inLanguage\":\"fr-FR\",\"potentialAction\":[{\"@type\":\"CommentAction\",\"name\":\"Comment\",\"target\":[\"https:\/\/microsol-int.com\/microsol-y-aenor-se-unen-para-la-validacion-del-primer-itmo-de-cocinas-mejoradas-en-el-peru-2\/#respond\"]}]},{\"@type\":\"WebPage\",\"@id\":\"https:\/\/microsol-int.com\/microsol-y-aenor-se-unen-para-la-validacion-del-primer-itmo-de-cocinas-mejoradas-en-el-peru-2\/\",\"url\":\"https:\/\/microsol-int.com\/microsol-y-aenor-se-unen-para-la-validacion-del-primer-itmo-de-cocinas-mejoradas-en-el-peru-2\/\",\"name\":\"Microsol y AENOR se unen para la validaci\u00f3n del primer ITMO de cocinas mejoradas en el Per\u00fa | Microsol\",\"isPartOf\":{\"@id\":\"https:\/\/microsol-int.com\/#website\"},\"primaryImageOfPage\":{\"@id\":\"https:\/\/microsol-int.com\/microsol-y-aenor-se-unen-para-la-validacion-del-primer-itmo-de-cocinas-mejoradas-en-el-peru-2\/#primaryimage\"},\"image\":{\"@id\":\"https:\/\/microsol-int.com\/microsol-y-aenor-se-unen-para-la-validacion-del-primer-itmo-de-cocinas-mejoradas-en-el-peru-2\/#primaryimage\"},\"thumbnailUrl\":\"https:\/\/microsol-int.com\/wp-content\/uploads\/2023\/01\/Nota-de-prensa-AENOR-2023cover-1.png\",\"datePublished\":\"2023-01-30T16:49:17+00:00\",\"dateModified\":\"2023-07-18T21:37:10+00:00\",\"breadcrumb\":{\"@id\":\"https:\/\/microsol-int.com\/microsol-y-aenor-se-unen-para-la-validacion-del-primer-itmo-de-cocinas-mejoradas-en-el-peru-2\/#breadcrumb\"},\"inLanguage\":\"fr-FR\",\"potentialAction\":[{\"@type\":\"ReadAction\",\"target\":[\"https:\/\/microsol-int.com\/microsol-y-aenor-se-unen-para-la-validacion-del-primer-itmo-de-cocinas-mejoradas-en-el-peru-2\/\"]}]},{\"@type\":\"ImageObject\",\"inLanguage\":\"fr-FR\",\"@id\":\"https:\/\/microsol-int.com\/microsol-y-aenor-se-unen-para-la-validacion-del-primer-itmo-de-cocinas-mejoradas-en-el-peru-2\/#primaryimage\",\"url\":\"https:\/\/microsol-int.com\/wp-content\/uploads\/2023\/01\/Nota-de-prensa-AENOR-2023cover-1.png\",\"contentUrl\":\"https:\/\/microsol-int.com\/wp-content\/uploads\/2023\/01\/Nota-de-prensa-AENOR-2023cover-1.png\",\"width\":960,\"height\":720},{\"@type\":\"BreadcrumbList\",\"@id\":\"https:\/\/microsol-int.com\/microsol-y-aenor-se-unen-para-la-validacion-del-primer-itmo-de-cocinas-mejoradas-en-el-peru-2\/#breadcrumb\",\"itemListElement\":[{\"@type\":\"ListItem\",\"position\":1,\"name\":\"Portada\",\"item\":\"https:\/\/microsol-int.com\/\"},{\"@type\":\"ListItem\",\"position\":2,\"name\":\"Microsol y AENOR se unen para la validaci\u00f3n del primer ITMO de cocinas mejoradas en el Per\u00fa\"}]},{\"@type\":\"WebSite\",\"@id\":\"https:\/\/microsol-int.com\/#website\",\"url\":\"https:\/\/microsol-int.com\/\",\"name\":\"Microsol\",\"description\":\"Una fuente de energ\u00eda sostenible para familias que lo necesitan\",\"publisher\":{\"@id\":\"https:\/\/microsol-int.com\/#organization\"},\"potentialAction\":[{\"@type\":\"SearchAction\",\"target\":{\"@type\":\"EntryPoint\",\"urlTemplate\":\"https:\/\/microsol-int.com\/?s={search_term_string}\"},\"query-input\":{\"@type\":\"PropertyValueSpecification\",\"valueRequired\":true,\"valueName\":\"search_term_string\"}}],\"inLanguage\":\"fr-FR\"},{\"@type\":\"Organization\",\"@id\":\"https:\/\/microsol-int.com\/#organization\",\"name\":\"Microsol\",\"url\":\"https:\/\/microsol-int.com\/\",\"logo\":{\"@type\":\"ImageObject\",\"inLanguage\":\"fr-FR\",\"@id\":\"https:\/\/microsol-int.com\/#\/schema\/logo\/image\/\",\"url\":\"https:\/\/microsol-int.com\/wp-content\/uploads\/2022\/12\/logo.svg\",\"contentUrl\":\"https:\/\/microsol-int.com\/wp-content\/uploads\/2022\/12\/logo.svg\",\"width\":186,\"height\":85,\"caption\":\"Microsol\"},\"image\":{\"@id\":\"https:\/\/microsol-int.com\/#\/schema\/logo\/image\/\"},\"sameAs\":[\"https:\/\/www.facebook.com\/MICROSOLint\",\"https:\/\/x.com\/MicrosolPeru\",\"https:\/\/www.linkedin.com\/company\/microsol\",\"https:\/\/www.youtube.com\/user\/MICROSOLint\/\"]},{\"@type\":\"Person\",\"@id\":\"https:\/\/microsol-int.com\/#\/schema\/person\/f4225f1e1b22cb2a9827ab9794e8a1db\",\"name\":\"Microsol\",\"image\":{\"@type\":\"ImageObject\",\"inLanguage\":\"fr-FR\",\"@id\":\"https:\/\/microsol-int.com\/#\/schema\/person\/image\/\",\"url\":\"https:\/\/secure.gravatar.com\/avatar\/1859ddf56d07fabb39040be6dc48d97fd159893e869a27012704371e955a99b6?s=96&d=mm&r=g\",\"contentUrl\":\"https:\/\/secure.gravatar.com\/avatar\/1859ddf56d07fabb39040be6dc48d97fd159893e869a27012704371e955a99b6?s=96&d=mm&r=g\",\"caption\":\"Microsol\"}}]}<\/script>\n<!-- \/ Yoast SEO Premium plugin. -->","yoast_head_json":{"title":"Microsol et AENOR s&#039;associent pour valider la premi\u00e8re ITMO de foyers am\u00e9lior\u00e9s au P\u00e9rou | microsol","robots":{"index":"index","follow":"follow","max-snippet":"max-snippet:-1","max-image-preview":"max-image-preview:large","max-video-preview":"max-video-preview:-1"},"canonical":"https:\/\/microsol-int.com\/fr\/microsol-et-aenor-se-rallient-pour-la-validation-de-la-premiere-itmo-de-foyers-ameliores-au-perou-2\/","og_locale":"fr_FR","og_type":"article","og_title":"Microsol y AENOR se unen para la validaci\u00f3n del primer ITMO de cocinas mejoradas en el Per\u00fa","og_description":"En el marco de la implementaci\u00f3n del proyecto de cocinas mejoradas Tuki Wasi, Microsol firma con AENOR la validaci\u00f3n de las acciones de mitigaci\u00f3n; requisito indispensable en el proceso de certificaci\u00f3n de las reducciones de emisiones y su posterior transferencia en el contexto del acuerdo bilateral entre Per\u00fa y Suiza. El proceso de validaci\u00f3n del [&hellip;]","og_url":"https:\/\/microsol-int.com\/fr\/microsol-et-aenor-se-rallient-pour-la-validation-de-la-premiere-itmo-de-foyers-ameliores-au-perou-2\/","og_site_name":"Microsol","article_publisher":"https:\/\/www.facebook.com\/MICROSOLint","article_published_time":"2023-01-30T16:49:17+00:00","article_modified_time":"2023-07-18T21:37:10+00:00","og_image":[{"width":960,"height":720,"url":"https:\/\/microsol-int.com\/wp-content\/uploads\/2023\/01\/Nota-de-prensa-AENOR-2023cover-1.png","type":"image\/png"}],"author":"Microsol","twitter_card":"summary_large_image","twitter_creator":"@MicrosolPeru","twitter_site":"@MicrosolPeru","twitter_misc":{"\u00c9crit par":"Microsol","Dur\u00e9e de lecture estim\u00e9e":"2 minutes"},"schema":{"@context":"https:\/\/schema.org","@graph":[{"@type":"Article","@id":"https:\/\/microsol-int.com\/microsol-y-aenor-se-unen-para-la-validacion-del-primer-itmo-de-cocinas-mejoradas-en-el-peru-2\/#article","isPartOf":{"@id":"https:\/\/microsol-int.com\/microsol-y-aenor-se-unen-para-la-validacion-del-primer-itmo-de-cocinas-mejoradas-en-el-peru-2\/"},"author":{"name":"Microsol","@id":"https:\/\/microsol-int.com\/#\/schema\/person\/f4225f1e1b22cb2a9827ab9794e8a1db"},"headline":"Microsol y AENOR se unen para la validaci\u00f3n del primer ITMO de cocinas mejoradas en el Per\u00fa","datePublished":"2023-01-30T16:49:17+00:00","dateModified":"2023-07-18T21:37:10+00:00","mainEntityOfPage":{"@id":"https:\/\/microsol-int.com\/microsol-y-aenor-se-unen-para-la-validacion-del-primer-itmo-de-cocinas-mejoradas-en-el-peru-2\/"},"wordCount":351,"commentCount":0,"publisher":{"@id":"https:\/\/microsol-int.com\/#organization"},"image":{"@id":"https:\/\/microsol-int.com\/microsol-y-aenor-se-unen-para-la-validacion-del-primer-itmo-de-cocinas-mejoradas-en-el-peru-2\/#primaryimage"},"thumbnailUrl":"https:\/\/microsol-int.com\/wp-content\/uploads\/2023\/01\/Nota-de-prensa-AENOR-2023cover-1.png","keywords":["AENOR","ITMO","Microsol","RENAMI","Tuki wasi"],"articleSection":["Notas de prensa"],"inLanguage":"fr-FR","potentialAction":[{"@type":"CommentAction","name":"Comment","target":["https:\/\/microsol-int.com\/microsol-y-aenor-se-unen-para-la-validacion-del-primer-itmo-de-cocinas-mejoradas-en-el-peru-2\/#respond"]}]},{"@type":"WebPage","@id":"https:\/\/microsol-int.com\/microsol-y-aenor-se-unen-para-la-validacion-del-primer-itmo-de-cocinas-mejoradas-en-el-peru-2\/","url":"https:\/\/microsol-int.com\/microsol-y-aenor-se-unen-para-la-validacion-del-primer-itmo-de-cocinas-mejoradas-en-el-peru-2\/","name":"Microsol et AENOR s&#039;associent pour valider la premi\u00e8re ITMO de foyers am\u00e9lior\u00e9s au P\u00e9rou | microsol","isPartOf":{"@id":"https:\/\/microsol-int.com\/#website"},"primaryImageOfPage":{"@id":"https:\/\/microsol-int.com\/microsol-y-aenor-se-unen-para-la-validacion-del-primer-itmo-de-cocinas-mejoradas-en-el-peru-2\/#primaryimage"},"image":{"@id":"https:\/\/microsol-int.com\/microsol-y-aenor-se-unen-para-la-validacion-del-primer-itmo-de-cocinas-mejoradas-en-el-peru-2\/#primaryimage"},"thumbnailUrl":"https:\/\/microsol-int.com\/wp-content\/uploads\/2023\/01\/Nota-de-prensa-AENOR-2023cover-1.png","datePublished":"2023-01-30T16:49:17+00:00","dateModified":"2023-07-18T21:37:10+00:00","breadcrumb":{"@id":"https:\/\/microsol-int.com\/microsol-y-aenor-se-unen-para-la-validacion-del-primer-itmo-de-cocinas-mejoradas-en-el-peru-2\/#breadcrumb"},"inLanguage":"fr-FR","potentialAction":[{"@type":"ReadAction","target":["https:\/\/microsol-int.com\/microsol-y-aenor-se-unen-para-la-validacion-del-primer-itmo-de-cocinas-mejoradas-en-el-peru-2\/"]}]},{"@type":"ImageObject","inLanguage":"fr-FR","@id":"https:\/\/microsol-int.com\/microsol-y-aenor-se-unen-para-la-validacion-del-primer-itmo-de-cocinas-mejoradas-en-el-peru-2\/#primaryimage","url":"https:\/\/microsol-int.com\/wp-content\/uploads\/2023\/01\/Nota-de-prensa-AENOR-2023cover-1.png","contentUrl":"https:\/\/microsol-int.com\/wp-content\/uploads\/2023\/01\/Nota-de-prensa-AENOR-2023cover-1.png","width":960,"height":720},{"@type":"BreadcrumbList","@id":"https:\/\/microsol-int.com\/microsol-y-aenor-se-unen-para-la-validacion-del-primer-itmo-de-cocinas-mejoradas-en-el-peru-2\/#breadcrumb","itemListElement":[{"@type":"ListItem","position":1,"name":"Portada","item":"https:\/\/microsol-int.com\/"},{"@type":"ListItem","position":2,"name":"Microsol y AENOR se unen para la validaci\u00f3n del primer ITMO de cocinas mejoradas en el Per\u00fa"}]},{"@type":"WebSite","@id":"https:\/\/microsol-int.com\/#website","url":"https:\/\/microsol-int.com\/","name":"Microsol","description":"Une source d&#039;\u00e9nergie durable pour les familles dans le besoin","publisher":{"@id":"https:\/\/microsol-int.com\/#organization"},"potentialAction":[{"@type":"SearchAction","target":{"@type":"EntryPoint","urlTemplate":"https:\/\/microsol-int.com\/?s={search_term_string}"},"query-input":{"@type":"PropertyValueSpecification","valueRequired":true,"valueName":"search_term_string"}}],"inLanguage":"fr-FR"},{"@type":"Organization","@id":"https:\/\/microsol-int.com\/#organization","name":"Microsol","url":"https:\/\/microsol-int.com\/","logo":{"@type":"ImageObject","inLanguage":"fr-FR","@id":"https:\/\/microsol-int.com\/#\/schema\/logo\/image\/","url":"https:\/\/microsol-int.com\/wp-content\/uploads\/2022\/12\/logo.svg","contentUrl":"https:\/\/microsol-int.com\/wp-content\/uploads\/2022\/12\/logo.svg","width":186,"height":85,"caption":"Microsol"},"image":{"@id":"https:\/\/microsol-int.com\/#\/schema\/logo\/image\/"},"sameAs":["https:\/\/www.facebook.com\/MICROSOLint","https:\/\/x.com\/MicrosolPeru","https:\/\/www.linkedin.com\/company\/microsol","https:\/\/www.youtube.com\/user\/MICROSOLint\/"]},{"@type":"Person","@id":"https:\/\/microsol-int.com\/#\/schema\/person\/f4225f1e1b22cb2a9827ab9794e8a1db","name":"Microsol","image":{"@type":"ImageObject","inLanguage":"fr-FR","@id":"https:\/\/microsol-int.com\/#\/schema\/person\/image\/","url":"https:\/\/secure.gravatar.com\/avatar\/1859ddf56d07fabb39040be6dc48d97fd159893e869a27012704371e955a99b6?s=96&d=mm&r=g","contentUrl":"https:\/\/secure.gravatar.com\/avatar\/1859ddf56d07fabb39040be6dc48d97fd159893e869a27012704371e955a99b6?s=96&d=mm&r=g","caption":"Microsol"}}]}},"_links":{"self":[{"href":"https:\/\/microsol-int.com\/fr\/wp-json\/wp\/v2\/posts\/6068","targetHints":{"allow":["GET"]}}],"collection":[{"href":"https:\/\/microsol-int.com\/fr\/wp-json\/wp\/v2\/posts"}],"about":[{"href":"https:\/\/microsol-int.com\/fr\/wp-json\/wp\/v2\/types\/post"}],"author":[{"embeddable":true,"href":"https:\/\/microsol-int.com\/fr\/wp-json\/wp\/v2\/users\/4"}],"replies":[{"embeddable":true,"href":"https:\/\/microsol-int.com\/fr\/wp-json\/wp\/v2\/comments?post=6068"}],"version-history":[{"count":0,"href":"https:\/\/microsol-int.com\/fr\/wp-json\/wp\/v2\/posts\/6068\/revisions"}],"wp:featuredmedia":[{"embeddable":true,"href":"https:\/\/microsol-int.com\/fr\/wp-json\/wp\/v2\/media\/6173"}],"wp:attachment":[{"href":"https:\/\/microsol-int.com\/fr\/wp-json\/wp\/v2\/media?parent=6068"}],"wp:term":[{"taxonomy":"category","embeddable":true,"href":"https:\/\/microsol-int.com\/fr\/wp-json\/wp\/v2\/categories?post=6068"},{"taxonomy":"post_tag","embeddable":true,"href":"https:\/\/microsol-int.com\/fr\/wp-json\/wp\/v2\/tags?post=6068"}],"curies":[{"name":"wp","href":"https:\/\/api.w.org\/{rel}","templated":true}]}}